{"id":7032,"date":"2022-07-18T18:04:52","date_gmt":"2022-07-18T16:04:52","guid":{"rendered":"http:\/\/lienis.landplaninfo.ch\/?p=7032"},"modified":"2022-07-18T18:53:49","modified_gmt":"2022-07-18T16:53:49","slug":"austriatour-etappe-2","status":"publish","type":"post","link":"http:\/\/lienis.landplaninfo.ch\/?p=7032","title":{"rendered":"Austriatour Etappe 2"},"content":{"rendered":"<p>Ich war am Montag in Sonntag\ud83d\ude1c. Von Sargans mitten durchs L\u00e4ndle. Und von Feldkirch nach Bludenz. Auch das nicht neu, Erinnerungen an die DACHtour gepflegt. Zum Mittagessen haben wir zuerst den Boden einer Sparfiliale mit Salatsauce verziert um dann auf &#8218;lauschigem&#8216; Schattenb\u00e4nkli auf dem leeren Schulhausplatz zu pic-nicken. Montag ist halt Beizensonntag.  Neu und lohnenswert allerdings die Erkundung der Grossvalsertals als &#8218;kleiner&#8216; Extraabstecher, w\u00e4hrend Jasmin schon mal voraus die Bludenzer Badi geniesst. Auch dieser Aufstieg zur Faschinah\u00f6he setzte bei extremer Hitze ganz sch\u00f6n zu.  Zwar nur noch zwischen 7 und 12 % aber diesmal das Gep\u00e4ck mit dabei und bei Hoch- und Abfahrt ein paar happige Extrasteigungen eingebaut Gipfelglace also verdient! Und den Hotelbarstrand zum Schluss auch &#8211; warum auch ans Meer fliegen wenn man in die Alpen radeln kann?<\/p>\n<p><iframe loading=\"lazy\" width=\"560\" height=\"315\" src=\"https:\/\/www.youtube.com\/embed\/aHKOTpSu-dE\" title=\"YouTube video player\" frameborder=\"0\" allow=\"accelerometer; autoplay; clipboard-write; encrypted-media; gyroscope; picture-in-picture\" allowfullscreen=\"\"><\/iframe><\/p>\n","protected":false},"excerpt":{"rendered":"<p>Ich war am Montag in Sonntag\ud83d\ude1c. Von Sargans mitten durchs L\u00e4ndle. Und von Feldkirch nach Bludenz. Auch das nicht neu, Erinnerungen an die DACHtour gepflegt. Zum Mittagessen haben wir zuerst den Boden einer Sparfiliale mit Salatsauce verziert um dann auf &#8218;lauschigem&#8216; Schattenb\u00e4nkli auf dem leeren Schulhausplatz zu pic-nicken. Montag ist halt Beizensonntag. Neu und lohnenswert [&hellip;]<\/p>\n","protected":false},"author":1,"featured_media":0,"comment_status":"closed","ping_status":"closed","sticky":false,"template":"","format":"standard","meta":{"footnotes":""},"categories":[9,12],"tags":[71,31,30],"class_list":["post-7032","post","type-post","status-publish","format-standard","hentry","category-andreas","category-jasmin","tag-austriatour","tag-gps","tag-sportliches"],"_links":{"self":[{"href":"http:\/\/lienis.landplaninfo.ch\/index.php?rest_route=\/wp\/v2\/posts\/7032","targetHints":{"allow":["GET"]}}],"collection":[{"href":"http:\/\/lienis.landplaninfo.ch\/index.php?rest_route=\/wp\/v2\/posts"}],"about":[{"href":"http:\/\/lienis.landplaninfo.ch\/index.php?rest_route=\/wp\/v2\/types\/post"}],"author":[{"embeddable":true,"href":"http:\/\/lienis.landplaninfo.ch\/index.php?rest_route=\/wp\/v2\/users\/1"}],"replies":[{"embeddable":true,"href":"http:\/\/lienis.landplaninfo.ch\/index.php?rest_route=%2Fwp%2Fv2%2Fcomments&post=7032"}],"version-history":[{"count":3,"href":"http:\/\/lienis.landplaninfo.ch\/index.php?rest_route=\/wp\/v2\/posts\/7032\/revisions"}],"predecessor-version":[{"id":7036,"href":"http:\/\/lienis.landplaninfo.ch\/index.php?rest_route=\/wp\/v2\/posts\/7032\/revisions\/7036"}],"wp:attachment":[{"href":"http:\/\/lienis.landplaninfo.ch\/index.php?rest_route=%2Fwp%2Fv2%2Fmedia&parent=7032"}],"wp:term":[{"taxonomy":"category","embeddable":true,"href":"http:\/\/lienis.landplaninfo.ch\/index.php?rest_route=%2Fwp%2Fv2%2Fcategories&post=7032"},{"taxonomy":"post_tag","embeddable":true,"href":"http:\/\/lienis.landplaninfo.ch\/index.php?rest_route=%2Fwp%2Fv2%2Ftags&post=7032"}],"curies":[{"name":"wp","href":"https:\/\/api.w.org\/{rel}","templated":true}]}}