{"id":7004,"date":"2022-06-06T19:30:14","date_gmt":"2022-06-06T17:30:14","guid":{"rendered":"http:\/\/lienis.landplaninfo.ch\/?p=7004"},"modified":"2022-06-06T19:57:45","modified_gmt":"2022-06-06T17:57:45","slug":"vogesen-the-map","status":"publish","type":"post","link":"http:\/\/lienis.landplaninfo.ch\/?p=7004","title":{"rendered":"Vogesen- The Map"},"content":{"rendered":"<p><style>.embed-container {position: relative; padding-bottom: 80%; height: 0; max-width: 100%;} .embed-container iframe, .embed-container object, .embed-container iframe{position: absolute; top: 0; left: 0; width: 100%; height: 100%;} small{position: absolute; z-index: 40; bottom: 0; margin-bottom: -15px;}<\/style>\n<\/p>\n<div class=\"embed-container\"><small><a style=\"color: #0000ff; text-align: left;\" href=\"\/\/www.arcgis.com\/apps\/Embed\/index.html?webmap=ea5fb5c11bfd4ff49affeadd0e4bf2eb&amp;extent=4.9176,47.5087,9.2407,49.008&amp;zoom=true&amp;scale=true&amp;legendlayers=true&amp;disable_scroll=true&amp;theme=light\" target=\"_blank\" rel=\"noopener\">Gr\u00f6\u00dfere Karte anzeigen<\/a><\/small><br><iframe loading=\"lazy\" title=\"Big Lienis Cycling Track Map (CTM)-Kopie\" src=\"\/\/www.arcgis.com\/apps\/Embed\/index.html?webmap=ea5fb5c11bfd4ff49affeadd0e4bf2eb&amp;extent=4.9176,47.5087,9.2407,49.008&amp;zoom=true&amp;previewImage=false&amp;scale=true&amp;legendlayers=true&amp;disable_scroll=true&amp;theme=light\" width=\"500\" height=\"400\" frameborder=\"0\" marginwidth=\"0\" marginheight=\"0\" scrolling=\"no\"><\/iframe><\/div>\n\n\n<p> <\/p>\n\n\n\n<p><\/p>\n\n\n\n<p>The Cycling Track Map hat mit der Grand Tour &#8218;Les Vosges&#8216; einen Schlenker mehr erhalten: 6 Tage, 680 km, 8&#8217;800 H\u00f6henmeter (oft aber nicht \u00fcberall mit angenehmen % Steigungen), tolle W&amp;W-Landschaft (Wald &amp; Wein), tolles Essen (sp\u00e9cialit\u00e9s d&#8217;alsace), tolles Wetter (die Regenkluft blieb die ganze Zeit in den Sagoschen) &#8211; was will man mehr, ausser dass es schon bald wieder so eine Gelegenheit geben soll. <\/p>\n\n\n\n<figure class=\"wp-block-image size-large\"><a href=\"http:\/\/lienis.landplaninfo.ch\/wp-content\/uploads\/2022\/06\/kml-scaled.jpg\"><img loading=\"lazy\" decoding=\"async\" width=\"1024\" height=\"211\" src=\"http:\/\/lienis.landplaninfo.ch\/wp-content\/uploads\/2022\/06\/kml-1024x211.jpg\" alt=\"\" class=\"wp-image-7007\" srcset=\"http:\/\/lienis.landplaninfo.ch\/wp-content\/uploads\/2022\/06\/kml-1024x211.jpg 1024w, http:\/\/lienis.landplaninfo.ch\/wp-content\/uploads\/2022\/06\/kml-300x62.jpg 300w, http:\/\/lienis.landplaninfo.ch\/wp-content\/uploads\/2022\/06\/kml-768x158.jpg 768w, http:\/\/lienis.landplaninfo.ch\/wp-content\/uploads\/2022\/06\/kml-1536x316.jpg 1536w, http:\/\/lienis.landplaninfo.ch\/wp-content\/uploads\/2022\/06\/kml-2048x422.jpg 2048w\" sizes=\"auto, (max-width: 1024px) 100vw, 1024px\" \/><\/a><\/figure>\n\n\n\n<p>Mit den Tracks als KML, l\u00e4sst sich unsere Tour en Detail nachfahren&#8230; (<a href=\"https:\/\/drive.google.com\/file\/d\/1fc7i8mblAVgjrUaRMMlIDUwkcTAaeErU\/view?usp=sharing\">KML-Datei f\u00fcr GoogleEarth<\/a>)<\/p>\n","protected":false},"excerpt":{"rendered":"<p>Gr\u00f6\u00dfere Karte anzeigen The Cycling Track Map hat mit der Grand Tour &#8218;Les Vosges&#8216; einen Schlenker mehr erhalten: 6 Tage, 680 km, 8&#8217;800 H\u00f6henmeter (oft aber nicht \u00fcberall mit angenehmen % Steigungen), tolle W&amp;W-Landschaft (Wald &amp; Wein), tolles Essen (sp\u00e9cialit\u00e9s d&#8217;alsace), tolles Wetter (die Regenkluft blieb die ganze Zeit in den Sagoschen) &#8211; was will [&hellip;]<\/p>\n","protected":false},"author":1,"featured_media":0,"comment_status":"closed","ping_status":"closed","sticky":false,"template":"","format":"standard","meta":{"footnotes":""},"categories":[9],"tags":[27,31,30,70],"class_list":["post-7004","post","type-post","status-publish","format-standard","hentry","category-andreas","tag-ferien","tag-gps","tag-sportliches","tag-vogesen"],"_links":{"self":[{"href":"http:\/\/lienis.landplaninfo.ch\/index.php?rest_route=\/wp\/v2\/posts\/7004","targetHints":{"allow":["GET"]}}],"collection":[{"href":"http:\/\/lienis.landplaninfo.ch\/index.php?rest_route=\/wp\/v2\/posts"}],"about":[{"href":"http:\/\/lienis.landplaninfo.ch\/index.php?rest_route=\/wp\/v2\/types\/post"}],"author":[{"embeddable":true,"href":"http:\/\/lienis.landplaninfo.ch\/index.php?rest_route=\/wp\/v2\/users\/1"}],"replies":[{"embeddable":true,"href":"http:\/\/lienis.landplaninfo.ch\/index.php?rest_route=%2Fwp%2Fv2%2Fcomments&post=7004"}],"version-history":[{"count":4,"href":"http:\/\/lienis.landplaninfo.ch\/index.php?rest_route=\/wp\/v2\/posts\/7004\/revisions"}],"predecessor-version":[{"id":7011,"href":"http:\/\/lienis.landplaninfo.ch\/index.php?rest_route=\/wp\/v2\/posts\/7004\/revisions\/7011"}],"wp:attachment":[{"href":"http:\/\/lienis.landplaninfo.ch\/index.php?rest_route=%2Fwp%2Fv2%2Fmedia&parent=7004"}],"wp:term":[{"taxonomy":"category","embeddable":true,"href":"http:\/\/lienis.landplaninfo.ch\/index.php?rest_route=%2Fwp%2Fv2%2Fcategories&post=7004"},{"taxonomy":"post_tag","embeddable":true,"href":"http:\/\/lienis.landplaninfo.ch\/index.php?rest_route=%2Fwp%2Fv2%2Ftags&post=7004"}],"curies":[{"name":"wp","href":"https:\/\/api.w.org\/{rel}","templated":true}]}}