{"id":6980,"date":"2022-06-03T17:16:42","date_gmt":"2022-06-03T15:16:42","guid":{"rendered":"http:\/\/lienis.landplaninfo.ch\/?p=6980"},"modified":"2022-06-03T21:20:30","modified_gmt":"2022-06-03T19:20:30","slug":"vogesen-etappe-5","status":"publish","type":"post","link":"http:\/\/lienis.landplaninfo.ch\/?p=6980","title":{"rendered":"Vogesen &#8211; Etappe 5"},"content":{"rendered":"<p>Und wieder sch\u00f6nster Sonnenschein zum Morgenessen aber Meteo France zeigt Gewitter am Nachmittag inkl. Sturmwarnung. Wir nehmen was kommt und drehen unsere n\u00f6rdlichste Runde durch den Regionalpark der Nord Vogesen. Dieser musste aber zuerst erreicht werden und da hatten wir Komot eindeutig zu viel Freiheit gelassen um uns aus der Stadt zu f\u00fchren. Nach den ersten 10km suchten wir uns dann also wieder zum \u00c4rger der Navi Software die uns gerne wieder auf die Hauptstrasse f\u00fchren wollte den Weg selber. Im Park angekommen gings auf sch\u00f6nsten Strassen viele km abwechselnd entlang unverbauter Flusst\u00e4lchen mit Erlenbruch und zahlreicher aufgestauter h\u00fcbscher Fischteiche mit immenser Libellendichte.<br \/>Die \u00dcberg\u00e4nge zwischen den T\u00e4lchen eher bescheiden (zum Gl\u00fcck, denn die schw\u00fcle Hitze machte auch kleine Anstiege rasch zur Qu\u00e4lerei).<br \/>So fehlten durch den unendlichen Vogesenwald heute etwas die Fotohighlights, auch wenn ich vergebens nach jeder Kurve auf ein kreuzendes Rudel Wildschweine hoffte\ud83d\ude12. (Wir haben die Wildschweine dann am Abend in einer tollen regionalen Salami gefunden). Daf\u00fcr h\u00e4tte es eine \u00fcberraschte Katze um ein Haar erwischt: Gl\u00fcck f\u00fcr die Katze &#8211; und f\u00fcr mich.<br \/>Apropos nehmen was kommt &#8211; nichts aber auch gar nichts ist gekommen, weder Wind noch Regen hat uns getroffen und mehr als ein Dutzend Tropfen gab&#8217;s auch nicht, als das Regenradar \u00fcber uns diesen anzeigte und wir uns die Abk\u00fchlung herbeisehnten. Zum Gl\u00fcck wussten wir von der Durchfahrt gestern durch Wasselonne schon wo man sich alternativ mit einem Coupe abk\u00fchlen kann. \ud83d\ude0b<\/p>\n<p><iframe loading=\"lazy\" title=\"YouTube video player\" src=\"https:\/\/www.youtube.com\/embed\/dE2SCT42PrU\" width=\"560\" height=\"315\" frameborder=\"0\" allowfullscreen=\"allowfullscreen\">\n<p><\/p><\/iframe><\/p>\n<p>\u00a0<\/p>\n\n\n<figure class=\"wp-block-image size-large\"><a href=\"http:\/\/lienis.landplaninfo.ch\/wp-content\/uploads\/2022\/06\/20220603_182927-scaled.jpg\"><img loading=\"lazy\" decoding=\"async\" width=\"1024\" height=\"576\" src=\"http:\/\/lienis.landplaninfo.ch\/wp-content\/uploads\/2022\/06\/20220603_182927-1024x576.jpg\" alt=\"\" class=\"wp-image-6992\" srcset=\"http:\/\/lienis.landplaninfo.ch\/wp-content\/uploads\/2022\/06\/20220603_182927-1024x576.jpg 1024w, http:\/\/lienis.landplaninfo.ch\/wp-content\/uploads\/2022\/06\/20220603_182927-300x169.jpg 300w, http:\/\/lienis.landplaninfo.ch\/wp-content\/uploads\/2022\/06\/20220603_182927-768x432.jpg 768w, http:\/\/lienis.landplaninfo.ch\/wp-content\/uploads\/2022\/06\/20220603_182927-1536x864.jpg 1536w, http:\/\/lienis.landplaninfo.ch\/wp-content\/uploads\/2022\/06\/20220603_182927-2048x1152.jpg 2048w\" sizes=\"auto, (max-width: 1024px) 100vw, 1024px\" \/><\/a><figcaption>Sehensw\u00fcrdigkeiten von Obernai&#8230;D\u00f6ner auch hier in jedem Dorf und wichtig: Immer offen auch wenn die franz.  Restaurants wegen Wochentag, Freitag,. Feiertag, Jahres-, Ferien- oder Tageszeit oder weil sie ganz aufgegeben haben grad geschlossen sind. <\/figcaption><\/figure>\n","protected":false},"excerpt":{"rendered":"<p>Und wieder sch\u00f6nster Sonnenschein zum Morgenessen aber Meteo France zeigt Gewitter am Nachmittag inkl. Sturmwarnung. Wir nehmen was kommt und drehen unsere n\u00f6rdlichste Runde durch den Regionalpark der Nord Vogesen. Dieser musste aber zuerst erreicht werden und da hatten wir Komot eindeutig zu viel Freiheit gelassen um uns aus der Stadt zu f\u00fchren. Nach den [&hellip;]<\/p>\n","protected":false},"author":1,"featured_media":0,"comment_status":"closed","ping_status":"closed","sticky":false,"template":"","format":"standard","meta":{"footnotes":""},"categories":[9],"tags":[27,31,30,70],"class_list":["post-6980","post","type-post","status-publish","format-standard","hentry","category-andreas","tag-ferien","tag-gps","tag-sportliches","tag-vogesen"],"_links":{"self":[{"href":"http:\/\/lienis.landplaninfo.ch\/index.php?rest_route=\/wp\/v2\/posts\/6980","targetHints":{"allow":["GET"]}}],"collection":[{"href":"http:\/\/lienis.landplaninfo.ch\/index.php?rest_route=\/wp\/v2\/posts"}],"about":[{"href":"http:\/\/lienis.landplaninfo.ch\/index.php?rest_route=\/wp\/v2\/types\/post"}],"author":[{"embeddable":true,"href":"http:\/\/lienis.landplaninfo.ch\/index.php?rest_route=\/wp\/v2\/users\/1"}],"replies":[{"embeddable":true,"href":"http:\/\/lienis.landplaninfo.ch\/index.php?rest_route=%2Fwp%2Fv2%2Fcomments&post=6980"}],"version-history":[{"count":6,"href":"http:\/\/lienis.landplaninfo.ch\/index.php?rest_route=\/wp\/v2\/posts\/6980\/revisions"}],"predecessor-version":[{"id":6995,"href":"http:\/\/lienis.landplaninfo.ch\/index.php?rest_route=\/wp\/v2\/posts\/6980\/revisions\/6995"}],"wp:attachment":[{"href":"http:\/\/lienis.landplaninfo.ch\/index.php?rest_route=%2Fwp%2Fv2%2Fmedia&parent=6980"}],"wp:term":[{"taxonomy":"category","embeddable":true,"href":"http:\/\/lienis.landplaninfo.ch\/index.php?rest_route=%2Fwp%2Fv2%2Fcategories&post=6980"},{"taxonomy":"post_tag","embeddable":true,"href":"http:\/\/lienis.landplaninfo.ch\/index.php?rest_route=%2Fwp%2Fv2%2Ftags&post=6980"}],"curies":[{"name":"wp","href":"https:\/\/api.w.org\/{rel}","templated":true}]}}