{"id":6921,"date":"2022-05-31T18:02:25","date_gmt":"2022-05-31T16:02:25","guid":{"rendered":"http:\/\/lienis.landplaninfo.ch\/?p=6921"},"modified":"2022-05-31T22:07:17","modified_gmt":"2022-05-31T20:07:17","slug":"vogesen-etappe-2","status":"publish","type":"post","link":"http:\/\/lienis.landplaninfo.ch\/?p=6921","title":{"rendered":"Vogesen &#8211; Etappe 2"},"content":{"rendered":"<p>Heute haben wir die H\u00fcgel definitiv aus der N\u00e4he erlebt um nicht zu sagen mit Waden, Hintern, Kreuz und viel Puste intensivst studiert. Mitten durch petite Finnland mit den tausend Seen und einigen H\u00f6henmeter zum aufw\u00e4rmen lotste uns das Navi in die erste Wand auf den Col des Chevreres hoch mit Steigungen von 14-18% etwas gar fest am Limit. Danach liessen uns (auch Dank dem Tarte citron Dopping) die 12-14% auf la Planches des Belles Filles schon fast kalt,\u00a0 w\u00e4ren da nicht die vielen andern Lenkstangengoiferies gewesen die uns alle stehen liessen (die hatten aber auch kein Gep\u00e4ck gesattelt\ud83d\ude09). Und die mussten alle wieder den gleichen Weg zur\u00fcck, w\u00e4hrend wir uns mit einer Mischung aus Radwandern und Graveln die andere Seite die Waldpfade runter st\u00fcrzten (also eher im Schritttempo die Bremsen und Handgelenke ans Limit brachten. Resti nach den Strapazen? Fehlanzeige. Zum Gl\u00fcck hatten wir uns rechtzeitig mit Sandwiches eingedeckt. Das brachte uns dann auf den Ballon d&#8217;Alsace. Endlich mal eine anst\u00e4ndige Steigung um die 7% die sich einfach eint\u00f6nig lange hinzieht und eine traumhafte rasante Abfahrt zur Belohnung bot. Schon mit etwas sauren Beinen zum Schluss noch \u00fcber den Col de Hunsruck, um dann bis fast vors Hotel runter rollen zu lassen.<br \/>So sind \u00fcber 2&#8217;300 H\u00f6henmeter auf dem Tacho. Wird wohl einen Whisky mehr brauchen um mit den schweren Beinen schlafen zu k\u00f6nnen.<\/p>\n<p><iframe loading=\"lazy\" title=\"YouTube video player\" src=\"https:\/\/www.youtube.com\/embed\/VqTnFK4LUF4\" width=\"560\" height=\"315\" frameborder=\"0\" allowfullscreen=\"allowfullscreen\"><\/iframe><\/p>\n\n\n<figure class=\"wp-block-image size-large\"><a href=\"http:\/\/lienis.landplaninfo.ch\/wp-content\/uploads\/2022\/05\/Screenshot_20220531-172702_Connect.jpg\"><img loading=\"lazy\" decoding=\"async\" width=\"1024\" height=\"397\" src=\"http:\/\/lienis.landplaninfo.ch\/wp-content\/uploads\/2022\/05\/Screenshot_20220531-172702_Connect-1024x397.jpg\" alt=\"\" class=\"wp-image-6925\" srcset=\"http:\/\/lienis.landplaninfo.ch\/wp-content\/uploads\/2022\/05\/Screenshot_20220531-172702_Connect-1024x397.jpg 1024w, http:\/\/lienis.landplaninfo.ch\/wp-content\/uploads\/2022\/05\/Screenshot_20220531-172702_Connect-300x116.jpg 300w, http:\/\/lienis.landplaninfo.ch\/wp-content\/uploads\/2022\/05\/Screenshot_20220531-172702_Connect-768x298.jpg 768w, http:\/\/lienis.landplaninfo.ch\/wp-content\/uploads\/2022\/05\/Screenshot_20220531-172702_Connect-1536x595.jpg 1536w, http:\/\/lienis.landplaninfo.ch\/wp-content\/uploads\/2022\/05\/Screenshot_20220531-172702_Connect.jpg 2038w\" sizes=\"auto, (max-width: 1024px) 100vw, 1024px\" \/><\/a><figcaption>Ein Profil das es in sich hat. <\/figcaption><\/figure>\n","protected":false},"excerpt":{"rendered":"<p>Heute haben wir die H\u00fcgel definitiv aus der N\u00e4he erlebt um nicht zu sagen mit Waden, Hintern, Kreuz und viel Puste intensivst studiert. Mitten durch petite Finnland mit den tausend Seen und einigen H\u00f6henmeter zum aufw\u00e4rmen lotste uns das Navi in die erste Wand auf den Col des Chevreres hoch mit Steigungen von 14-18% etwas [&hellip;]<\/p>\n","protected":false},"author":1,"featured_media":0,"comment_status":"closed","ping_status":"closed","sticky":false,"template":"","format":"standard","meta":{"footnotes":""},"categories":[9],"tags":[27,31,30,70],"class_list":["post-6921","post","type-post","status-publish","format-standard","hentry","category-andreas","tag-ferien","tag-gps","tag-sportliches","tag-vogesen"],"_links":{"self":[{"href":"http:\/\/lienis.landplaninfo.ch\/index.php?rest_route=\/wp\/v2\/posts\/6921","targetHints":{"allow":["GET"]}}],"collection":[{"href":"http:\/\/lienis.landplaninfo.ch\/index.php?rest_route=\/wp\/v2\/posts"}],"about":[{"href":"http:\/\/lienis.landplaninfo.ch\/index.php?rest_route=\/wp\/v2\/types\/post"}],"author":[{"embeddable":true,"href":"http:\/\/lienis.landplaninfo.ch\/index.php?rest_route=\/wp\/v2\/users\/1"}],"replies":[{"embeddable":true,"href":"http:\/\/lienis.landplaninfo.ch\/index.php?rest_route=%2Fwp%2Fv2%2Fcomments&post=6921"}],"version-history":[{"count":6,"href":"http:\/\/lienis.landplaninfo.ch\/index.php?rest_route=\/wp\/v2\/posts\/6921\/revisions"}],"predecessor-version":[{"id":6934,"href":"http:\/\/lienis.landplaninfo.ch\/index.php?rest_route=\/wp\/v2\/posts\/6921\/revisions\/6934"}],"wp:attachment":[{"href":"http:\/\/lienis.landplaninfo.ch\/index.php?rest_route=%2Fwp%2Fv2%2Fmedia&parent=6921"}],"wp:term":[{"taxonomy":"category","embeddable":true,"href":"http:\/\/lienis.landplaninfo.ch\/index.php?rest_route=%2Fwp%2Fv2%2Fcategories&post=6921"},{"taxonomy":"post_tag","embeddable":true,"href":"http:\/\/lienis.landplaninfo.ch\/index.php?rest_route=%2Fwp%2Fv2%2Ftags&post=6921"}],"curies":[{"name":"wp","href":"https:\/\/api.w.org\/{rel}","templated":true}]}}