{"id":6901,"date":"2022-05-29T13:30:41","date_gmt":"2022-05-29T11:30:41","guid":{"rendered":"http:\/\/lienis.landplaninfo.ch\/?p=6901"},"modified":"2022-05-31T22:02:39","modified_gmt":"2022-05-31T20:02:39","slug":"rueli-on-the-road-again","status":"publish","type":"post","link":"http:\/\/lienis.landplaninfo.ch\/?p=6901","title":{"rendered":"R\u00fcLi &#8211; on the Road again&#8230;"},"content":{"rendered":"\n<p>Die Bremsbel\u00e4ge gewechselt, die &#8218;Bar&#8216; aufgef\u00fcllt, Kette und Wechsel frisch geschmiert &#8211; M\u00f6glichst viele Vogesen-P\u00e4sse in 6 Tagen mit Sack und Pack, so der grobe Plan. Start Montag 30.5. ab Basel und wer ab und zu dabei sein m\u00f6chte schaltet sich einfach zwischendurch auf der <a rel=\"noreferrer noopener\" href=\"http:\/\/lienis.landplaninfo.ch\/?page_id=2038\" target=\"_blank\">Live Tracking Seite<\/a> dazu. <\/p>\n\n\n\n<p>Wir freuen uns \u00fcber jedes virtuelle Hopp Schwiiz, v.a. wenn sich der Marker in den steilen Aufstiegen kaum mehr bewegt \ud83d\ude09<\/p>\n\n\n\n<figure class=\"wp-block-image size-large\"><a href=\"http:\/\/lienis.landplaninfo.ch\/wp-content\/uploads\/2022\/05\/vogesen.jpg\"><img loading=\"lazy\" decoding=\"async\" width=\"1024\" height=\"512\" src=\"http:\/\/lienis.landplaninfo.ch\/wp-content\/uploads\/2022\/05\/vogesen-1024x512.jpg\" alt=\"\" class=\"wp-image-6902\" srcset=\"http:\/\/lienis.landplaninfo.ch\/wp-content\/uploads\/2022\/05\/vogesen-1024x512.jpg 1024w, http:\/\/lienis.landplaninfo.ch\/wp-content\/uploads\/2022\/05\/vogesen-300x150.jpg 300w, http:\/\/lienis.landplaninfo.ch\/wp-content\/uploads\/2022\/05\/vogesen-768x384.jpg 768w, http:\/\/lienis.landplaninfo.ch\/wp-content\/uploads\/2022\/05\/vogesen.jpg 1240w\" sizes=\"auto, (max-width: 1024px) 100vw, 1024px\" \/><\/a><\/figure>\n","protected":false},"excerpt":{"rendered":"<p>Die Bremsbel\u00e4ge gewechselt, die &#8218;Bar&#8216; aufgef\u00fcllt, Kette und Wechsel frisch geschmiert &#8211; M\u00f6glichst viele Vogesen-P\u00e4sse in 6 Tagen mit Sack und Pack, so der grobe Plan. Start Montag 30.5. ab Basel und wer ab und zu dabei sein m\u00f6chte schaltet sich einfach zwischendurch auf der Live Tracking Seite dazu. Wir freuen uns \u00fcber jedes virtuelle [&hellip;]<\/p>\n","protected":false},"author":1,"featured_media":0,"comment_status":"closed","ping_status":"closed","sticky":false,"template":"","format":"standard","meta":{"footnotes":""},"categories":[9],"tags":[27,31,30,70],"class_list":["post-6901","post","type-post","status-publish","format-standard","hentry","category-andreas","tag-ferien","tag-gps","tag-sportliches","tag-vogesen"],"_links":{"self":[{"href":"http:\/\/lienis.landplaninfo.ch\/index.php?rest_route=\/wp\/v2\/posts\/6901","targetHints":{"allow":["GET"]}}],"collection":[{"href":"http:\/\/lienis.landplaninfo.ch\/index.php?rest_route=\/wp\/v2\/posts"}],"about":[{"href":"http:\/\/lienis.landplaninfo.ch\/index.php?rest_route=\/wp\/v2\/types\/post"}],"author":[{"embeddable":true,"href":"http:\/\/lienis.landplaninfo.ch\/index.php?rest_route=\/wp\/v2\/users\/1"}],"replies":[{"embeddable":true,"href":"http:\/\/lienis.landplaninfo.ch\/index.php?rest_route=%2Fwp%2Fv2%2Fcomments&post=6901"}],"version-history":[{"count":4,"href":"http:\/\/lienis.landplaninfo.ch\/index.php?rest_route=\/wp\/v2\/posts\/6901\/revisions"}],"predecessor-version":[{"id":6908,"href":"http:\/\/lienis.landplaninfo.ch\/index.php?rest_route=\/wp\/v2\/posts\/6901\/revisions\/6908"}],"wp:attachment":[{"href":"http:\/\/lienis.landplaninfo.ch\/index.php?rest_route=%2Fwp%2Fv2%2Fmedia&parent=6901"}],"wp:term":[{"taxonomy":"category","embeddable":true,"href":"http:\/\/lienis.landplaninfo.ch\/index.php?rest_route=%2Fwp%2Fv2%2Fcategories&post=6901"},{"taxonomy":"post_tag","embeddable":true,"href":"http:\/\/lienis.landplaninfo.ch\/index.php?rest_route=%2Fwp%2Fv2%2Ftags&post=6901"}],"curies":[{"name":"wp","href":"https:\/\/api.w.org\/{rel}","templated":true}]}}