{"id":6829,"date":"2021-10-13T16:41:17","date_gmt":"2021-10-13T14:41:17","guid":{"rendered":"http:\/\/lienis.landplaninfo.ch\/?p=6829"},"modified":"2021-10-13T16:41:19","modified_gmt":"2021-10-13T14:41:19","slug":"unsere-nationalparktage-2021","status":"publish","type":"post","link":"http:\/\/lienis.landplaninfo.ch\/?p=6829","title":{"rendered":"Unsere Nationalparktage 2021"},"content":{"rendered":"\n<p>Im September wetterbedingt leider nur ein Tagesausflug ins Val Trupchun. Leider wars gerade noch kurz vor der Brunft. Mit dabie: Celine und Rafi. Anfang Oktober dann der zweite Versuch, leider gerade nach der Brunft und die kalten Tage hatten den Grossteil der Hirsche bereits aus dem Ofenpassgebiet vertrieben. Daf\u00fcr umsomehr Gl\u00fcck bei den Steinb\u00f6cken und G\u00e4msen. Val Minger &#8211; Forcla Val Dal Botsch &#8211; Il Fuorn,  danach mit Muskelkater, Grosi und Jasmins dificieler Achillessehne \u00fcber die Margunet und zum Abschluss noch Buffalora &#8211; Munt la Scherra &#8211; La Drossa &#8211; Il Fuorn.<\/p>\n\n\n\n<figure class=\"wp-block-embed is-type-rich is-provider-handler-einbetten wp-block-embed-handler-einbetten wp-embed-aspect-16-9 wp-has-aspect-ratio\"><div class=\"wp-block-embed__wrapper\">\n<iframe loading=\"lazy\" title=\"Nationalpark 2021\" width=\"640\" height=\"360\" src=\"https:\/\/www.youtube.com\/embed\/MvA-lsaRK9U?feature=oembed\" frameborder=\"0\" allow=\"accelerometer; autoplay; clipboard-write; encrypted-media; gyroscope; picture-in-picture; web-share\" referrerpolicy=\"strict-origin-when-cross-origin\" allowfullscreen><\/iframe>\n<\/div><\/figure>\n","protected":false},"excerpt":{"rendered":"<p>Im September wetterbedingt leider nur ein Tagesausflug ins Val Trupchun. Leider wars gerade noch kurz vor der Brunft. Mit dabie: Celine und Rafi. Anfang Oktober dann der zweite Versuch, leider gerade nach der Brunft und die kalten Tage hatten den Grossteil der Hirsche bereits aus dem Ofenpassgebiet vertrieben. Daf\u00fcr umsomehr Gl\u00fcck bei den Steinb\u00f6cken und [&hellip;]<\/p>\n","protected":false},"author":1,"featured_media":0,"comment_status":"closed","ping_status":"closed","sticky":false,"template":"","format":"standard","meta":{"footnotes":""},"categories":[9,14,12],"tags":[63],"class_list":["post-6829","post","type-post","status-publish","format-standard","hentry","category-andreas","category-celine","category-jasmin","tag-nationalpark"],"_links":{"self":[{"href":"http:\/\/lienis.landplaninfo.ch\/index.php?rest_route=\/wp\/v2\/posts\/6829","targetHints":{"allow":["GET"]}}],"collection":[{"href":"http:\/\/lienis.landplaninfo.ch\/index.php?rest_route=\/wp\/v2\/posts"}],"about":[{"href":"http:\/\/lienis.landplaninfo.ch\/index.php?rest_route=\/wp\/v2\/types\/post"}],"author":[{"embeddable":true,"href":"http:\/\/lienis.landplaninfo.ch\/index.php?rest_route=\/wp\/v2\/users\/1"}],"replies":[{"embeddable":true,"href":"http:\/\/lienis.landplaninfo.ch\/index.php?rest_route=%2Fwp%2Fv2%2Fcomments&post=6829"}],"version-history":[{"count":1,"href":"http:\/\/lienis.landplaninfo.ch\/index.php?rest_route=\/wp\/v2\/posts\/6829\/revisions"}],"predecessor-version":[{"id":6831,"href":"http:\/\/lienis.landplaninfo.ch\/index.php?rest_route=\/wp\/v2\/posts\/6829\/revisions\/6831"}],"wp:attachment":[{"href":"http:\/\/lienis.landplaninfo.ch\/index.php?rest_route=%2Fwp%2Fv2%2Fmedia&parent=6829"}],"wp:term":[{"taxonomy":"category","embeddable":true,"href":"http:\/\/lienis.landplaninfo.ch\/index.php?rest_route=%2Fwp%2Fv2%2Fcategories&post=6829"},{"taxonomy":"post_tag","embeddable":true,"href":"http:\/\/lienis.landplaninfo.ch\/index.php?rest_route=%2Fwp%2Fv2%2Ftags&post=6829"}],"curies":[{"name":"wp","href":"https:\/\/api.w.org\/{rel}","templated":true}]}}