{"id":6762,"date":"2021-02-25T21:38:37","date_gmt":"2021-02-25T20:38:37","guid":{"rendered":"http:\/\/lienis.landplaninfo.ch\/?p=6762"},"modified":"2021-02-25T21:43:37","modified_gmt":"2021-02-25T20:43:37","slug":"sportferien-mal-anders","status":"publish","type":"post","link":"http:\/\/lienis.landplaninfo.ch\/?p=6762","title":{"rendered":"Sportferien &#8211; mal anders"},"content":{"rendered":"\n<p>Skiferien? Nicht 2021. Pistenkilometer? Nicht mit Corona. Sportferien? Ja aber anders&#8230; Corona vermiest uns den Winter &#8211; die Klimaerw\u00e4rmung erm\u00f6glicht uns das Alternativprogramm. 5 Touren, 385 km, 4&#8217;200 H\u00f6henmeter, Z\u00fcrich by Bike bei bestem Velowetter und das Ende Februar!!! (die Winterpneus h\u00e4tte es definitiv nicht mehr gebraucht, aber wer weiss was der Fr\u00fchling noch bringt, wenn der Winter schon so spinnt):<\/p>\n\n\n\n<p><iframe loading=\"lazy\" width=\"560\" height=\"315\" src=\"https:\/\/www.youtube.com\/embed\/B046-HOm0b0\" frameborder=\"0\" allow=\"accelerometer; autoplay; clipboard-write; encrypted-media; gyroscope; picture-in-picture\" allowfullscreen=\"\"><\/iframe>\n<\/p>\n<p>\n<iframe loading=\"lazy\" width=\"560\" height=\"315\" src=\"https:\/\/www.youtube.com\/embed\/TW4-0W9n6Pw\" frameborder=\"0\" allow=\"accelerometer; autoplay; clipboard-write; encrypted-media; gyroscope; picture-in-picture\" allowfullscreen><\/iframe>\n<\/p>\n<p>\n<iframe loading=\"lazy\" width=\"560\" height=\"315\" src=\"https:\/\/www.youtube.com\/embed\/sORKmZy4UiY\" frameborder=\"0\" allow=\"accelerometer; autoplay; clipboard-write; encrypted-media; gyroscope; picture-in-picture\" allowfullscreen><\/iframe>\n<\/p>\n<p>\n<iframe loading=\"lazy\" width=\"560\" height=\"315\" src=\"https:\/\/www.youtube.com\/embed\/pwO6kQfKDl8\" frameborder=\"0\" allow=\"accelerometer; autoplay; clipboard-write; encrypted-media; gyroscope; picture-in-picture\" allowfullscreen><\/iframe>\n<\/p>\n<p>\n<iframe loading=\"lazy\" width=\"560\" height=\"315\" src=\"https:\/\/www.youtube.com\/embed\/jQnOHf8OAYo\" frameborder=\"0\" allow=\"accelerometer; autoplay; clipboard-write; encrypted-media; gyroscope; picture-in-picture\" allowfullscreen><\/iframe>\n<\/p>\n","protected":false},"excerpt":{"rendered":"<p>Skiferien? Nicht 2021. Pistenkilometer? Nicht mit Corona. Sportferien? Ja aber anders&#8230; Corona vermiest uns den Winter &#8211; die Klimaerw\u00e4rmung erm\u00f6glicht uns das Alternativprogramm. 5 Touren, 385 km, 4&#8217;200 H\u00f6henmeter, Z\u00fcrich by Bike bei bestem Velowetter und das Ende Februar!!! (die Winterpneus h\u00e4tte es definitiv nicht mehr gebraucht, aber wer weiss was der Fr\u00fchling noch bringt, [&hellip;]<\/p>\n","protected":false},"author":1,"featured_media":0,"comment_status":"closed","ping_status":"closed","sticky":false,"template":"","format":"standard","meta":{"footnotes":""},"categories":[9,12],"tags":[27,30],"class_list":["post-6762","post","type-post","status-publish","format-standard","hentry","category-andreas","category-jasmin","tag-ferien","tag-sportliches"],"_links":{"self":[{"href":"http:\/\/lienis.landplaninfo.ch\/index.php?rest_route=\/wp\/v2\/posts\/6762","targetHints":{"allow":["GET"]}}],"collection":[{"href":"http:\/\/lienis.landplaninfo.ch\/index.php?rest_route=\/wp\/v2\/posts"}],"about":[{"href":"http:\/\/lienis.landplaninfo.ch\/index.php?rest_route=\/wp\/v2\/types\/post"}],"author":[{"embeddable":true,"href":"http:\/\/lienis.landplaninfo.ch\/index.php?rest_route=\/wp\/v2\/users\/1"}],"replies":[{"embeddable":true,"href":"http:\/\/lienis.landplaninfo.ch\/index.php?rest_route=%2Fwp%2Fv2%2Fcomments&post=6762"}],"version-history":[{"count":2,"href":"http:\/\/lienis.landplaninfo.ch\/index.php?rest_route=\/wp\/v2\/posts\/6762\/revisions"}],"predecessor-version":[{"id":6764,"href":"http:\/\/lienis.landplaninfo.ch\/index.php?rest_route=\/wp\/v2\/posts\/6762\/revisions\/6764"}],"wp:attachment":[{"href":"http:\/\/lienis.landplaninfo.ch\/index.php?rest_route=%2Fwp%2Fv2%2Fmedia&parent=6762"}],"wp:term":[{"taxonomy":"category","embeddable":true,"href":"http:\/\/lienis.landplaninfo.ch\/index.php?rest_route=%2Fwp%2Fv2%2Fcategories&post=6762"},{"taxonomy":"post_tag","embeddable":true,"href":"http:\/\/lienis.landplaninfo.ch\/index.php?rest_route=%2Fwp%2Fv2%2Ftags&post=6762"}],"curies":[{"name":"wp","href":"https:\/\/api.w.org\/{rel}","templated":true}]}}