{"id":6706,"date":"2020-11-29T14:52:06","date_gmt":"2020-11-29T13:52:06","guid":{"rendered":"http:\/\/lienis.landplaninfo.ch\/?p=6706"},"modified":"2020-11-29T19:23:51","modified_gmt":"2020-11-29T18:23:51","slug":"uschtermaert-2020","status":"publish","type":"post","link":"http:\/\/lienis.landplaninfo.ch\/?p=6706","title":{"rendered":"Uschterm\u00e4rt 2020"},"content":{"rendered":"\n<p>Isch Uusgfall\u00e4??? Aber n\u00f6d bi Ois &#8211; Das cha meh ja auch s\u00e4lber mach\u00e4 \ud83d\ude09 und f\u00fcrs richtig\u00e4 Feeling eifach us\u00e4 ad Ch\u00e4lti zum \u00c4sse.<\/p>\n\n\n\n<figure class=\"wp-block-gallery columns-3 is-cropped wp-block-gallery-1 is-layout-flex wp-block-gallery-is-layout-flex\"><ul class=\"blocks-gallery-grid\"><li class=\"blocks-gallery-item\"><figure><img loading=\"lazy\" decoding=\"async\" width=\"1024\" height=\"576\" src=\"http:\/\/lienis.landplaninfo.ch\/wp-content\/uploads\/2020\/11\/20201129_132516-1024x576.jpg\" alt=\"\" data-id=\"6711\" data-full-url=\"http:\/\/lienis.landplaninfo.ch\/wp-content\/uploads\/2020\/11\/20201129_132516-scaled.jpg\" data-link=\"http:\/\/lienis.landplaninfo.ch\/?attachment_id=6711\" class=\"wp-image-6711\" srcset=\"http:\/\/lienis.landplaninfo.ch\/wp-content\/uploads\/2020\/11\/20201129_132516-1024x576.jpg 1024w, http:\/\/lienis.landplaninfo.ch\/wp-content\/uploads\/2020\/11\/20201129_132516-300x169.jpg 300w, http:\/\/lienis.landplaninfo.ch\/wp-content\/uploads\/2020\/11\/20201129_132516-768x432.jpg 768w, http:\/\/lienis.landplaninfo.ch\/wp-content\/uploads\/2020\/11\/20201129_132516-1536x864.jpg 1536w, http:\/\/lienis.landplaninfo.ch\/wp-content\/uploads\/2020\/11\/20201129_132516-2048x1152.jpg 2048w\" sizes=\"auto, (max-width: 1024px) 100vw, 1024px\" \/><figcaption class=\"blocks-gallery-item__caption\">Raphi und Celins Raclette<\/figcaption><\/figure><\/li><li class=\"blocks-gallery-item\"><figure><img loading=\"lazy\" decoding=\"async\" width=\"1024\" height=\"576\" src=\"http:\/\/lienis.landplaninfo.ch\/wp-content\/uploads\/2020\/11\/20201129_132546-1024x576.jpg\" alt=\"\" data-id=\"6709\" data-full-url=\"http:\/\/lienis.landplaninfo.ch\/wp-content\/uploads\/2020\/11\/20201129_132546-scaled.jpg\" data-link=\"http:\/\/lienis.landplaninfo.ch\/?attachment_id=6709\" class=\"wp-image-6709\" srcset=\"http:\/\/lienis.landplaninfo.ch\/wp-content\/uploads\/2020\/11\/20201129_132546-1024x576.jpg 1024w, http:\/\/lienis.landplaninfo.ch\/wp-content\/uploads\/2020\/11\/20201129_132546-300x169.jpg 300w, http:\/\/lienis.landplaninfo.ch\/wp-content\/uploads\/2020\/11\/20201129_132546-768x432.jpg 768w, http:\/\/lienis.landplaninfo.ch\/wp-content\/uploads\/2020\/11\/20201129_132546-1536x864.jpg 1536w, http:\/\/lienis.landplaninfo.ch\/wp-content\/uploads\/2020\/11\/20201129_132546-2048x1152.jpg 2048w\" sizes=\"auto, (max-width: 1024px) 100vw, 1024px\" \/><\/figure><\/li><li class=\"blocks-gallery-item\"><figure><img loading=\"lazy\" decoding=\"async\" width=\"1024\" height=\"576\" src=\"http:\/\/lienis.landplaninfo.ch\/wp-content\/uploads\/2020\/11\/20201129_133042-1024x576.jpg\" alt=\"\" data-id=\"6710\" data-full-url=\"http:\/\/lienis.landplaninfo.ch\/wp-content\/uploads\/2020\/11\/20201129_133042-scaled.jpg\" data-link=\"http:\/\/lienis.landplaninfo.ch\/?attachment_id=6710\" class=\"wp-image-6710\" srcset=\"http:\/\/lienis.landplaninfo.ch\/wp-content\/uploads\/2020\/11\/20201129_133042-1024x576.jpg 1024w, http:\/\/lienis.landplaninfo.ch\/wp-content\/uploads\/2020\/11\/20201129_133042-300x169.jpg 300w, http:\/\/lienis.landplaninfo.ch\/wp-content\/uploads\/2020\/11\/20201129_133042-768x432.jpg 768w, http:\/\/lienis.landplaninfo.ch\/wp-content\/uploads\/2020\/11\/20201129_133042-1536x864.jpg 1536w, http:\/\/lienis.landplaninfo.ch\/wp-content\/uploads\/2020\/11\/20201129_133042-2048x1152.jpg 2048w\" sizes=\"auto, (max-width: 1024px) 100vw, 1024px\" \/><figcaption class=\"blocks-gallery-item__caption\">Andr\u00e9s Risotto<\/figcaption><\/figure><\/li><li class=\"blocks-gallery-item\"><figure><img loading=\"lazy\" decoding=\"async\" width=\"1024\" height=\"576\" src=\"http:\/\/lienis.landplaninfo.ch\/wp-content\/uploads\/2020\/11\/20201129_135906-1024x576.jpg\" alt=\"\" data-id=\"6712\" data-full-url=\"http:\/\/lienis.landplaninfo.ch\/wp-content\/uploads\/2020\/11\/20201129_135906-scaled.jpg\" data-link=\"http:\/\/lienis.landplaninfo.ch\/?attachment_id=6712\" class=\"wp-image-6712\" srcset=\"http:\/\/lienis.landplaninfo.ch\/wp-content\/uploads\/2020\/11\/20201129_135906-1024x576.jpg 1024w, http:\/\/lienis.landplaninfo.ch\/wp-content\/uploads\/2020\/11\/20201129_135906-300x169.jpg 300w, http:\/\/lienis.landplaninfo.ch\/wp-content\/uploads\/2020\/11\/20201129_135906-768x432.jpg 768w, http:\/\/lienis.landplaninfo.ch\/wp-content\/uploads\/2020\/11\/20201129_135906-1536x864.jpg 1536w, http:\/\/lienis.landplaninfo.ch\/wp-content\/uploads\/2020\/11\/20201129_135906-2048x1152.jpg 2048w\" sizes=\"auto, (max-width: 1024px) 100vw, 1024px\" \/><figcaption class=\"blocks-gallery-item__caption\">Fabiennes Fr\u00fchlingsrollen<\/figcaption><\/figure><\/li><li class=\"blocks-gallery-item\"><figure><img loading=\"lazy\" decoding=\"async\" width=\"1024\" height=\"576\" src=\"http:\/\/lienis.landplaninfo.ch\/wp-content\/uploads\/2020\/11\/20201129_135911-1024x576.jpg\" alt=\"\" data-id=\"6713\" data-full-url=\"http:\/\/lienis.landplaninfo.ch\/wp-content\/uploads\/2020\/11\/20201129_135911-scaled.jpg\" data-link=\"http:\/\/lienis.landplaninfo.ch\/?attachment_id=6713\" class=\"wp-image-6713\" srcset=\"http:\/\/lienis.landplaninfo.ch\/wp-content\/uploads\/2020\/11\/20201129_135911-1024x576.jpg 1024w, http:\/\/lienis.landplaninfo.ch\/wp-content\/uploads\/2020\/11\/20201129_135911-300x169.jpg 300w, http:\/\/lienis.landplaninfo.ch\/wp-content\/uploads\/2020\/11\/20201129_135911-768x432.jpg 768w, http:\/\/lienis.landplaninfo.ch\/wp-content\/uploads\/2020\/11\/20201129_135911-1536x864.jpg 1536w, http:\/\/lienis.landplaninfo.ch\/wp-content\/uploads\/2020\/11\/20201129_135911-2048x1152.jpg 2048w\" sizes=\"auto, (max-width: 1024px) 100vw, 1024px\" \/><\/figure><\/li><li class=\"blocks-gallery-item\"><figure><img loading=\"lazy\" decoding=\"async\" width=\"1024\" height=\"576\" src=\"http:\/\/lienis.landplaninfo.ch\/wp-content\/uploads\/2020\/11\/20201129_141520-1024x576.jpg\" alt=\"\" data-id=\"6714\" data-full-url=\"http:\/\/lienis.landplaninfo.ch\/wp-content\/uploads\/2020\/11\/20201129_141520-scaled.jpg\" data-link=\"http:\/\/lienis.landplaninfo.ch\/?attachment_id=6714\" class=\"wp-image-6714\" srcset=\"http:\/\/lienis.landplaninfo.ch\/wp-content\/uploads\/2020\/11\/20201129_141520-1024x576.jpg 1024w, http:\/\/lienis.landplaninfo.ch\/wp-content\/uploads\/2020\/11\/20201129_141520-300x169.jpg 300w, http:\/\/lienis.landplaninfo.ch\/wp-content\/uploads\/2020\/11\/20201129_141520-768x432.jpg 768w, http:\/\/lienis.landplaninfo.ch\/wp-content\/uploads\/2020\/11\/20201129_141520-1536x864.jpg 1536w, http:\/\/lienis.landplaninfo.ch\/wp-content\/uploads\/2020\/11\/20201129_141520-2048x1152.jpg 2048w\" sizes=\"auto, (max-width: 1024px) 100vw, 1024px\" \/><\/figure><\/li><li class=\"blocks-gallery-item\"><figure><img loading=\"lazy\" decoding=\"async\" width=\"1024\" height=\"576\" src=\"http:\/\/lienis.landplaninfo.ch\/wp-content\/uploads\/2020\/11\/20201129_164117-1024x576.jpg\" alt=\"\" data-id=\"6715\" data-full-url=\"http:\/\/lienis.landplaninfo.ch\/wp-content\/uploads\/2020\/11\/20201129_164117-scaled.jpg\" data-link=\"http:\/\/lienis.landplaninfo.ch\/?attachment_id=6715\" class=\"wp-image-6715\" srcset=\"http:\/\/lienis.landplaninfo.ch\/wp-content\/uploads\/2020\/11\/20201129_164117-1024x576.jpg 1024w, http:\/\/lienis.landplaninfo.ch\/wp-content\/uploads\/2020\/11\/20201129_164117-300x169.jpg 300w, http:\/\/lienis.landplaninfo.ch\/wp-content\/uploads\/2020\/11\/20201129_164117-768x432.jpg 768w, http:\/\/lienis.landplaninfo.ch\/wp-content\/uploads\/2020\/11\/20201129_164117-1536x864.jpg 1536w, http:\/\/lienis.landplaninfo.ch\/wp-content\/uploads\/2020\/11\/20201129_164117-2048x1152.jpg 2048w\" sizes=\"auto, (max-width: 1024px) 100vw, 1024px\" \/><figcaption class=\"blocks-gallery-item__caption\">Jasmins \u00d6pfelchuechli mit Vanillsause,  Celins Br\u00e4nnti Mandle<\/figcaption><\/figure><\/li><li class=\"blocks-gallery-item\"><figure><img loading=\"lazy\" decoding=\"async\" width=\"1024\" height=\"576\" src=\"http:\/\/lienis.landplaninfo.ch\/wp-content\/uploads\/2020\/11\/20201129_164805-1024x576.jpg\" alt=\"\" data-id=\"6718\" data-full-url=\"http:\/\/lienis.landplaninfo.ch\/wp-content\/uploads\/2020\/11\/20201129_164805-scaled.jpg\" data-link=\"http:\/\/lienis.landplaninfo.ch\/?attachment_id=6718\" class=\"wp-image-6718\" srcset=\"http:\/\/lienis.landplaninfo.ch\/wp-content\/uploads\/2020\/11\/20201129_164805-1024x576.jpg 1024w, http:\/\/lienis.landplaninfo.ch\/wp-content\/uploads\/2020\/11\/20201129_164805-300x169.jpg 300w, http:\/\/lienis.landplaninfo.ch\/wp-content\/uploads\/2020\/11\/20201129_164805-768x432.jpg 768w, http:\/\/lienis.landplaninfo.ch\/wp-content\/uploads\/2020\/11\/20201129_164805-1536x864.jpg 1536w, http:\/\/lienis.landplaninfo.ch\/wp-content\/uploads\/2020\/11\/20201129_164805-2048x1152.jpg 2048w\" sizes=\"auto, (max-width: 1024px) 100vw, 1024px\" \/><figcaption class=\"blocks-gallery-item__caption\">mit Gl\u00fchwein<\/figcaption><\/figure><\/li><li class=\"blocks-gallery-item\"><figure><img loading=\"lazy\" decoding=\"async\" width=\"1024\" height=\"576\" src=\"http:\/\/lienis.landplaninfo.ch\/wp-content\/uploads\/2020\/11\/20201129_184626-1024x576.jpg\" alt=\"\" data-id=\"6720\" data-full-url=\"http:\/\/lienis.landplaninfo.ch\/wp-content\/uploads\/2020\/11\/20201129_184626-scaled.jpg\" data-link=\"http:\/\/lienis.landplaninfo.ch\/?attachment_id=6720\" class=\"wp-image-6720\" srcset=\"http:\/\/lienis.landplaninfo.ch\/wp-content\/uploads\/2020\/11\/20201129_184626-1024x576.jpg 1024w, http:\/\/lienis.landplaninfo.ch\/wp-content\/uploads\/2020\/11\/20201129_184626-300x169.jpg 300w, http:\/\/lienis.landplaninfo.ch\/wp-content\/uploads\/2020\/11\/20201129_184626-768x432.jpg 768w, http:\/\/lienis.landplaninfo.ch\/wp-content\/uploads\/2020\/11\/20201129_184626-1536x864.jpg 1536w, http:\/\/lienis.landplaninfo.ch\/wp-content\/uploads\/2020\/11\/20201129_184626-2048x1152.jpg 2048w\" sizes=\"auto, (max-width: 1024px) 100vw, 1024px\" \/><figcaption class=\"blocks-gallery-item__caption\">Lienis glacierter Schweinebauch vom Smoker auf Butterkartoffelstock<\/figcaption><\/figure><\/li><li class=\"blocks-gallery-item\"><figure><img loading=\"lazy\" decoding=\"async\" width=\"1024\" height=\"576\" src=\"http:\/\/lienis.landplaninfo.ch\/wp-content\/uploads\/2020\/11\/20201129_184701-1024x576.jpg\" alt=\"\" data-id=\"6721\" data-full-url=\"http:\/\/lienis.landplaninfo.ch\/wp-content\/uploads\/2020\/11\/20201129_184701-scaled.jpg\" data-link=\"http:\/\/lienis.landplaninfo.ch\/?attachment_id=6721\" class=\"wp-image-6721\" srcset=\"http:\/\/lienis.landplaninfo.ch\/wp-content\/uploads\/2020\/11\/20201129_184701-1024x576.jpg 1024w, http:\/\/lienis.landplaninfo.ch\/wp-content\/uploads\/2020\/11\/20201129_184701-300x169.jpg 300w, http:\/\/lienis.landplaninfo.ch\/wp-content\/uploads\/2020\/11\/20201129_184701-768x432.jpg 768w, http:\/\/lienis.landplaninfo.ch\/wp-content\/uploads\/2020\/11\/20201129_184701-1536x864.jpg 1536w, http:\/\/lienis.landplaninfo.ch\/wp-content\/uploads\/2020\/11\/20201129_184701-2048x1152.jpg 2048w\" sizes=\"auto, (max-width: 1024px) 100vw, 1024px\" \/><figcaption class=\"blocks-gallery-item__caption\">Und Pullet Cidre-Porc Burger vom Smoker (10 h) mit Zwiebelbarbecuesauce (20h)<\/figcaption><\/figure><\/li><\/ul><\/figure>\n","protected":false},"excerpt":{"rendered":"<p>Isch Uusgfall\u00e4??? Aber n\u00f6d bi Ois &#8211; Das cha meh ja auch s\u00e4lber mach\u00e4 \ud83d\ude09 und f\u00fcrs richtig\u00e4 Feeling eifach us\u00e4 ad Ch\u00e4lti zum \u00c4sse.<\/p>\n","protected":false},"author":1,"featured_media":0,"comment_status":"closed","ping_status":"closed","sticky":false,"template":"","format":"standard","meta":{"footnotes":""},"categories":[9,14,13,12],"tags":[40],"class_list":["post-6706","post","type-post","status-publish","format-standard","hentry","category-andreas","category-celine","category-fabienne","category-jasmin","tag-kulinarisches"],"_links":{"self":[{"href":"http:\/\/lienis.landplaninfo.ch\/index.php?rest_route=\/wp\/v2\/posts\/6706","targetHints":{"allow":["GET"]}}],"collection":[{"href":"http:\/\/lienis.landplaninfo.ch\/index.php?rest_route=\/wp\/v2\/posts"}],"about":[{"href":"http:\/\/lienis.landplaninfo.ch\/index.php?rest_route=\/wp\/v2\/types\/post"}],"author":[{"embeddable":true,"href":"http:\/\/lienis.landplaninfo.ch\/index.php?rest_route=\/wp\/v2\/users\/1"}],"replies":[{"embeddable":true,"href":"http:\/\/lienis.landplaninfo.ch\/index.php?rest_route=%2Fwp%2Fv2%2Fcomments&post=6706"}],"version-history":[{"count":8,"href":"http:\/\/lienis.landplaninfo.ch\/index.php?rest_route=\/wp\/v2\/posts\/6706\/revisions"}],"predecessor-version":[{"id":6725,"href":"http:\/\/lienis.landplaninfo.ch\/index.php?rest_route=\/wp\/v2\/posts\/6706\/revisions\/6725"}],"wp:attachment":[{"href":"http:\/\/lienis.landplaninfo.ch\/index.php?rest_route=%2Fwp%2Fv2%2Fmedia&parent=6706"}],"wp:term":[{"taxonomy":"category","embeddable":true,"href":"http:\/\/lienis.landplaninfo.ch\/index.php?rest_route=%2Fwp%2Fv2%2Fcategories&post=6706"},{"taxonomy":"post_tag","embeddable":true,"href":"http:\/\/lienis.landplaninfo.ch\/index.php?rest_route=%2Fwp%2Fv2%2Ftags&post=6706"}],"curies":[{"name":"wp","href":"https:\/\/api.w.org\/{rel}","templated":true}]}}