{"id":5964,"date":"2020-08-08T21:23:03","date_gmt":"2020-08-08T19:23:03","guid":{"rendered":"http:\/\/lienis.landplaninfo.ch\/?p=5964"},"modified":"2020-08-08T21:23:05","modified_gmt":"2020-08-08T19:23:05","slug":"lienis-tour-de-suisse-2020","status":"publish","type":"post","link":"http:\/\/lienis.landplaninfo.ch\/?p=5964","title":{"rendered":"Lienis Tour de Suisse 2020"},"content":{"rendered":"\n<p>Die Tour des Suisse ist beendet und die Cycling Track Map (CTM) um die n\u00e4chste Grand-Tour reicher.<\/p>\n\n\n\n<p>In 16 Etappen verteilt auf drei Wochen haben wir 1&#8217;100 km und 9&#8217;650 H\u00f6henmeter und unz\u00e4hlige Eindrucke gesammelt.<\/p>\n\n\n\n<figure class=\"wp-block-image size-large\"><img loading=\"lazy\" decoding=\"async\" width=\"1024\" height=\"655\" src=\"http:\/\/lienis.landplaninfo.ch\/wp-content\/uploads\/2020\/08\/tds-1024x655.jpg\" alt=\"\" class=\"wp-image-5963\" srcset=\"http:\/\/lienis.landplaninfo.ch\/wp-content\/uploads\/2020\/08\/tds-1024x655.jpg 1024w, http:\/\/lienis.landplaninfo.ch\/wp-content\/uploads\/2020\/08\/tds-300x192.jpg 300w, http:\/\/lienis.landplaninfo.ch\/wp-content\/uploads\/2020\/08\/tds-768x492.jpg 768w, http:\/\/lienis.landplaninfo.ch\/wp-content\/uploads\/2020\/08\/tds-1536x983.jpg 1536w, http:\/\/lienis.landplaninfo.ch\/wp-content\/uploads\/2020\/08\/tds-2048x1311.jpg 2048w\" sizes=\"auto, (max-width: 1024px) 100vw, 1024px\" \/><figcaption><a href=\"http:\/\/lienis.landplaninfo.ch\/?page_id=4223\">http:\/\/lienis.landplaninfo.ch\/?page_id=4223<\/a><\/figcaption><\/figure>\n\n\n\n<p><\/p>\n","protected":false},"excerpt":{"rendered":"<p>Die Tour des Suisse ist beendet und die Cycling Track Map (CTM) um die n\u00e4chste Grand-Tour reicher. In 16 Etappen verteilt auf drei Wochen haben wir 1&#8217;100 km und 9&#8217;650 H\u00f6henmeter und unz\u00e4hlige Eindrucke gesammelt.<\/p>\n","protected":false},"author":1,"featured_media":0,"comment_status":"closed","ping_status":"closed","sticky":false,"template":"","format":"standard","meta":{"footnotes":""},"categories":[9,12],"tags":[27,65],"class_list":["post-5964","post","type-post","status-publish","format-standard","hentry","category-andreas","category-jasmin","tag-ferien","tag-tour-de-suisse"],"_links":{"self":[{"href":"http:\/\/lienis.landplaninfo.ch\/index.php?rest_route=\/wp\/v2\/posts\/5964","targetHints":{"allow":["GET"]}}],"collection":[{"href":"http:\/\/lienis.landplaninfo.ch\/index.php?rest_route=\/wp\/v2\/posts"}],"about":[{"href":"http:\/\/lienis.landplaninfo.ch\/index.php?rest_route=\/wp\/v2\/types\/post"}],"author":[{"embeddable":true,"href":"http:\/\/lienis.landplaninfo.ch\/index.php?rest_route=\/wp\/v2\/users\/1"}],"replies":[{"embeddable":true,"href":"http:\/\/lienis.landplaninfo.ch\/index.php?rest_route=%2Fwp%2Fv2%2Fcomments&post=5964"}],"version-history":[{"count":1,"href":"http:\/\/lienis.landplaninfo.ch\/index.php?rest_route=\/wp\/v2\/posts\/5964\/revisions"}],"predecessor-version":[{"id":5965,"href":"http:\/\/lienis.landplaninfo.ch\/index.php?rest_route=\/wp\/v2\/posts\/5964\/revisions\/5965"}],"wp:attachment":[{"href":"http:\/\/lienis.landplaninfo.ch\/index.php?rest_route=%2Fwp%2Fv2%2Fmedia&parent=5964"}],"wp:term":[{"taxonomy":"category","embeddable":true,"href":"http:\/\/lienis.landplaninfo.ch\/index.php?rest_route=%2Fwp%2Fv2%2Fcategories&post=5964"},{"taxonomy":"post_tag","embeddable":true,"href":"http:\/\/lienis.landplaninfo.ch\/index.php?rest_route=%2Fwp%2Fv2%2Ftags&post=5964"}],"curies":[{"name":"wp","href":"https:\/\/api.w.org\/{rel}","templated":true}]}}