{"id":4835,"date":"2019-06-26T16:43:57","date_gmt":"2019-06-26T14:43:57","guid":{"rendered":"http:\/\/lienis.landplaninfo.ch\/?p=4835"},"modified":"2019-06-28T21:51:55","modified_gmt":"2019-06-28T19:51:55","slug":"tour-des-alpes-19-etappe","status":"publish","type":"post","link":"http:\/\/lienis.landplaninfo.ch\/?p=4835","title":{"rendered":"Tour des Alpes &#8211; 19. Etappe"},"content":{"rendered":"<p><iframe loading=\"lazy\" src=\"https:\/\/connect.garmin.com\/modern\/activity\/embed\/3785841949\" width=\"465\" height=\"500\" frameborder=\"0\"><\/iframe><\/p>\n<p>Etappe 19:<\/p>\n<p><a href=\"https:\/\/connect.garmin.com\/modern\/activity\/3785841949?share_unique_id=211\">https:\/\/connect.garmin.com\/modern\/activity\/3785841949?share_unique_id=211<\/a><\/p>\n\n\n<p><\/p>\n\n\n\n<p>Die Schlussetappe war so etwas wie das Schlusszeitfahren. 90 km auf absolut flachen autofreien Radautobahnen. Der Ausblick auf das Wasser der Donau und die begleitenden Auenw\u00e4lder werden bald eint\u00f6nig. Das nervige Bremsenschleifger\u00e4usch der letzten Tage ist weg. Es rollt wieder wie auf der Bahn. Alles verleitet zum Gas geben und am Limit fahren, auch wenn man bei der enormen Hitze die Kr\u00e4fte ruhig etwas einteilen sollte. Aber es macht zu sehr Spass an all den Elektrobiks vorbei zu ziehen und als einziger Gep\u00e4cki den G\u00fcmmelern paroli bieten zu k\u00f6nnen. Irgendwann geht einem dann aber doch die Pumpe und ich werde auch wieder zum Genussfahrer. Vor lauter Minirennen und eher eint\u00f6niger Landschaft gibts nicht allzuviele Bilder und bei der Einfahrt nach Wien \u00fcber die Donauinsel finden sie es nicht mal n\u00f6tig ein Ortschild am Radweg aufzustellen, was um mich um mein letztes Selfie bringt.<\/p>\n\n\n\n<p>In der Stadt ist die Aufmerksamkeit dann wieder beim Verkehr und dem Gps um das Hotel langsam einzukreisen. Auch da fehlt die Zeit f\u00fcr Fotos. Habe ja nun aber noch zwei Tage Zeit um in Ruhe die Stadt zu erkunden. Da kann ich dann sicher das eine oder andere Bild noch erg\u00e4nzen.<\/p>\n\n\n\n<ul class=\"wp-block-gallery columns-3 is-cropped wp-block-gallery-1 is-layout-flex wp-block-gallery-is-layout-flex\"><li class=\"blocks-gallery-item\"><figure><img loading=\"lazy\" decoding=\"async\" width=\"1024\" height=\"576\" src=\"http:\/\/lienis.landplaninfo.ch\/wp-content\/uploads\/2019\/06\/20190625_200431-1024x576.jpg\" alt=\"\" data-id=\"4825\" data-link=\"http:\/\/lienis.landplaninfo.ch\/?attachment_id=4825\" class=\"wp-image-4825\" srcset=\"http:\/\/lienis.landplaninfo.ch\/wp-content\/uploads\/2019\/06\/20190625_200431-1024x576.jpg 1024w, http:\/\/lienis.landplaninfo.ch\/wp-content\/uploads\/2019\/06\/20190625_200431-300x169.jpg 300w, http:\/\/lienis.landplaninfo.ch\/wp-content\/uploads\/2019\/06\/20190625_200431-768x432.jpg 768w\" sizes=\"auto, (max-width: 1024px) 100vw, 1024px\" \/><figcaption>Kems<\/figcaption><\/figure><\/li><li class=\"blocks-gallery-item\"><figure><img loading=\"lazy\" decoding=\"async\" width=\"1024\" height=\"576\" src=\"http:\/\/lienis.landplaninfo.ch\/wp-content\/uploads\/2019\/06\/20190626_114922-1024x576.jpg\" alt=\"\" data-id=\"4824\" data-link=\"http:\/\/lienis.landplaninfo.ch\/?attachment_id=4824\" class=\"wp-image-4824\" srcset=\"http:\/\/lienis.landplaninfo.ch\/wp-content\/uploads\/2019\/06\/20190626_114922-1024x576.jpg 1024w, http:\/\/lienis.landplaninfo.ch\/wp-content\/uploads\/2019\/06\/20190626_114922-300x169.jpg 300w, http:\/\/lienis.landplaninfo.ch\/wp-content\/uploads\/2019\/06\/20190626_114922-768x432.jpg 768w\" sizes=\"auto, (max-width: 1024px) 100vw, 1024px\" \/><figcaption>Tulln<\/figcaption><\/figure><\/li><li class=\"blocks-gallery-item\"><figure><img loading=\"lazy\" decoding=\"async\" width=\"1024\" height=\"768\" src=\"http:\/\/lienis.landplaninfo.ch\/wp-content\/uploads\/2019\/06\/DSCN4715-1024x768.jpg\" alt=\"\" data-id=\"4834\" data-link=\"http:\/\/lienis.landplaninfo.ch\/?attachment_id=4834\" class=\"wp-image-4834\" srcset=\"http:\/\/lienis.landplaninfo.ch\/wp-content\/uploads\/2019\/06\/DSCN4715-1024x768.jpg 1024w, http:\/\/lienis.landplaninfo.ch\/wp-content\/uploads\/2019\/06\/DSCN4715-300x225.jpg 300w, http:\/\/lienis.landplaninfo.ch\/wp-content\/uploads\/2019\/06\/DSCN4715-768x576.jpg 768w, http:\/\/lienis.landplaninfo.ch\/wp-content\/uploads\/2019\/06\/DSCN4715.jpg 1440w\" sizes=\"auto, (max-width: 1024px) 100vw, 1024px\" \/><\/figure><\/li><li class=\"blocks-gallery-item\"><figure><img loading=\"lazy\" decoding=\"async\" width=\"1024\" height=\"768\" src=\"http:\/\/lienis.landplaninfo.ch\/wp-content\/uploads\/2019\/06\/DSCN4726-1024x768.jpg\" alt=\"\" data-id=\"4833\" data-link=\"http:\/\/lienis.landplaninfo.ch\/?attachment_id=4833\" class=\"wp-image-4833\" srcset=\"http:\/\/lienis.landplaninfo.ch\/wp-content\/uploads\/2019\/06\/DSCN4726-1024x768.jpg 1024w, http:\/\/lienis.landplaninfo.ch\/wp-content\/uploads\/2019\/06\/DSCN4726-300x225.jpg 300w, http:\/\/lienis.landplaninfo.ch\/wp-content\/uploads\/2019\/06\/DSCN4726-768x576.jpg 768w, http:\/\/lienis.landplaninfo.ch\/wp-content\/uploads\/2019\/06\/DSCN4726.jpg 1440w\" sizes=\"auto, (max-width: 1024px) 100vw, 1024px\" \/><\/figure><\/li><li class=\"blocks-gallery-item\"><figure><img loading=\"lazy\" decoding=\"async\" width=\"1024\" height=\"768\" src=\"http:\/\/lienis.landplaninfo.ch\/wp-content\/uploads\/2019\/06\/DSCN4716-1024x768.jpg\" alt=\"\" data-id=\"4832\" data-link=\"http:\/\/lienis.landplaninfo.ch\/?attachment_id=4832\" class=\"wp-image-4832\" srcset=\"http:\/\/lienis.landplaninfo.ch\/wp-content\/uploads\/2019\/06\/DSCN4716-1024x768.jpg 1024w, http:\/\/lienis.landplaninfo.ch\/wp-content\/uploads\/2019\/06\/DSCN4716-300x225.jpg 300w, http:\/\/lienis.landplaninfo.ch\/wp-content\/uploads\/2019\/06\/DSCN4716-768x576.jpg 768w, http:\/\/lienis.landplaninfo.ch\/wp-content\/uploads\/2019\/06\/DSCN4716.jpg 1440w\" sizes=\"auto, (max-width: 1024px) 100vw, 1024px\" \/><\/figure><\/li><li class=\"blocks-gallery-item\"><figure><img loading=\"lazy\" decoding=\"async\" width=\"1024\" height=\"768\" src=\"http:\/\/lienis.landplaninfo.ch\/wp-content\/uploads\/2019\/06\/DSCN4717-1024x768.jpg\" alt=\"\" data-id=\"4830\" data-link=\"http:\/\/lienis.landplaninfo.ch\/?attachment_id=4830\" class=\"wp-image-4830\" srcset=\"http:\/\/lienis.landplaninfo.ch\/wp-content\/uploads\/2019\/06\/DSCN4717-1024x768.jpg 1024w, http:\/\/lienis.landplaninfo.ch\/wp-content\/uploads\/2019\/06\/DSCN4717-300x225.jpg 300w, http:\/\/lienis.landplaninfo.ch\/wp-content\/uploads\/2019\/06\/DSCN4717-768x576.jpg 768w, http:\/\/lienis.landplaninfo.ch\/wp-content\/uploads\/2019\/06\/DSCN4717.jpg 1440w\" sizes=\"auto, (max-width: 1024px) 100vw, 1024px\" \/><\/figure><\/li><li class=\"blocks-gallery-item\"><figure><img loading=\"lazy\" decoding=\"async\" width=\"1024\" height=\"768\" src=\"http:\/\/lienis.landplaninfo.ch\/wp-content\/uploads\/2019\/06\/DSCN4718-1024x768.jpg\" alt=\"\" data-id=\"4828\" data-link=\"http:\/\/lienis.landplaninfo.ch\/?attachment_id=4828\" class=\"wp-image-4828\" srcset=\"http:\/\/lienis.landplaninfo.ch\/wp-content\/uploads\/2019\/06\/DSCN4718-1024x768.jpg 1024w, http:\/\/lienis.landplaninfo.ch\/wp-content\/uploads\/2019\/06\/DSCN4718-300x225.jpg 300w, http:\/\/lienis.landplaninfo.ch\/wp-content\/uploads\/2019\/06\/DSCN4718-768x576.jpg 768w, http:\/\/lienis.landplaninfo.ch\/wp-content\/uploads\/2019\/06\/DSCN4718.jpg 1440w\" sizes=\"auto, (max-width: 1024px) 100vw, 1024px\" \/><\/figure><\/li><li class=\"blocks-gallery-item\"><figure><img loading=\"lazy\" decoding=\"async\" width=\"1024\" height=\"768\" src=\"http:\/\/lienis.landplaninfo.ch\/wp-content\/uploads\/2019\/06\/DSCN4719-1024x768.jpg\" alt=\"\" data-id=\"4823\" data-link=\"http:\/\/lienis.landplaninfo.ch\/?attachment_id=4823\" class=\"wp-image-4823\" srcset=\"http:\/\/lienis.landplaninfo.ch\/wp-content\/uploads\/2019\/06\/DSCN4719-1024x768.jpg 1024w, http:\/\/lienis.landplaninfo.ch\/wp-content\/uploads\/2019\/06\/DSCN4719-300x225.jpg 300w, http:\/\/lienis.landplaninfo.ch\/wp-content\/uploads\/2019\/06\/DSCN4719-768x576.jpg 768w, http:\/\/lienis.landplaninfo.ch\/wp-content\/uploads\/2019\/06\/DSCN4719.jpg 1440w\" sizes=\"auto, (max-width: 1024px) 100vw, 1024px\" \/><\/figure><\/li><li class=\"blocks-gallery-item\"><figure><img loading=\"lazy\" decoding=\"async\" width=\"1024\" height=\"768\" src=\"http:\/\/lienis.landplaninfo.ch\/wp-content\/uploads\/2019\/06\/DSCN4723-1024x768.jpg\" alt=\"\" data-id=\"4826\" data-link=\"http:\/\/lienis.landplaninfo.ch\/?attachment_id=4826\" class=\"wp-image-4826\" srcset=\"http:\/\/lienis.landplaninfo.ch\/wp-content\/uploads\/2019\/06\/DSCN4723-1024x768.jpg 1024w, http:\/\/lienis.landplaninfo.ch\/wp-content\/uploads\/2019\/06\/DSCN4723-300x225.jpg 300w, http:\/\/lienis.landplaninfo.ch\/wp-content\/uploads\/2019\/06\/DSCN4723-768x576.jpg 768w, http:\/\/lienis.landplaninfo.ch\/wp-content\/uploads\/2019\/06\/DSCN4723.jpg 1440w\" sizes=\"auto, (max-width: 1024px) 100vw, 1024px\" \/><\/figure><\/li><li class=\"blocks-gallery-item\"><figure><img loading=\"lazy\" decoding=\"async\" width=\"1024\" height=\"768\" src=\"http:\/\/lienis.landplaninfo.ch\/wp-content\/uploads\/2019\/06\/DSCN4722-1024x768.jpg\" alt=\"\" data-id=\"4827\" data-link=\"http:\/\/lienis.landplaninfo.ch\/?attachment_id=4827\" class=\"wp-image-4827\" srcset=\"http:\/\/lienis.landplaninfo.ch\/wp-content\/uploads\/2019\/06\/DSCN4722-1024x768.jpg 1024w, http:\/\/lienis.landplaninfo.ch\/wp-content\/uploads\/2019\/06\/DSCN4722-300x225.jpg 300w, http:\/\/lienis.landplaninfo.ch\/wp-content\/uploads\/2019\/06\/DSCN4722-768x576.jpg 768w, http:\/\/lienis.landplaninfo.ch\/wp-content\/uploads\/2019\/06\/DSCN4722.jpg 1440w\" sizes=\"auto, (max-width: 1024px) 100vw, 1024px\" \/><\/figure><\/li><li class=\"blocks-gallery-item\"><figure><img loading=\"lazy\" decoding=\"async\" width=\"1024\" height=\"768\" src=\"http:\/\/lienis.landplaninfo.ch\/wp-content\/uploads\/2019\/06\/20190626_161714-1024x768.jpg\" alt=\"\" data-id=\"4822\" data-link=\"http:\/\/lienis.landplaninfo.ch\/?attachment_id=4822\" class=\"wp-image-4822\" srcset=\"http:\/\/lienis.landplaninfo.ch\/wp-content\/uploads\/2019\/06\/20190626_161714-1024x768.jpg 1024w, http:\/\/lienis.landplaninfo.ch\/wp-content\/uploads\/2019\/06\/20190626_161714-300x225.jpg 300w, http:\/\/lienis.landplaninfo.ch\/wp-content\/uploads\/2019\/06\/20190626_161714-768x576.jpg 768w, http:\/\/lienis.landplaninfo.ch\/wp-content\/uploads\/2019\/06\/20190626_161714.jpg 1440w\" sizes=\"auto, (max-width: 1024px) 100vw, 1024px\" \/><\/figure><\/li><li class=\"blocks-gallery-item\"><figure><img loading=\"lazy\" decoding=\"async\" width=\"1024\" height=\"768\" src=\"http:\/\/lienis.landplaninfo.ch\/wp-content\/uploads\/2019\/06\/DSCN4720-1024x768.jpg\" alt=\"\" data-id=\"4821\" data-link=\"http:\/\/lienis.landplaninfo.ch\/?attachment_id=4821\" class=\"wp-image-4821\" srcset=\"http:\/\/lienis.landplaninfo.ch\/wp-content\/uploads\/2019\/06\/DSCN4720-1024x768.jpg 1024w, http:\/\/lienis.landplaninfo.ch\/wp-content\/uploads\/2019\/06\/DSCN4720-300x225.jpg 300w, http:\/\/lienis.landplaninfo.ch\/wp-content\/uploads\/2019\/06\/DSCN4720-768x576.jpg 768w, http:\/\/lienis.landplaninfo.ch\/wp-content\/uploads\/2019\/06\/DSCN4720.jpg 1440w\" sizes=\"auto, (max-width: 1024px) 100vw, 1024px\" \/><\/figure><\/li><li class=\"blocks-gallery-item\"><figure><img loading=\"lazy\" decoding=\"async\" width=\"1024\" height=\"768\" src=\"http:\/\/lienis.landplaninfo.ch\/wp-content\/uploads\/2019\/06\/DSCN4721-1024x768.jpg\" alt=\"\" data-id=\"4820\" data-link=\"http:\/\/lienis.landplaninfo.ch\/?attachment_id=4820\" class=\"wp-image-4820\" srcset=\"http:\/\/lienis.landplaninfo.ch\/wp-content\/uploads\/2019\/06\/DSCN4721-1024x768.jpg 1024w, http:\/\/lienis.landplaninfo.ch\/wp-content\/uploads\/2019\/06\/DSCN4721-300x225.jpg 300w, http:\/\/lienis.landplaninfo.ch\/wp-content\/uploads\/2019\/06\/DSCN4721-768x576.jpg 768w, http:\/\/lienis.landplaninfo.ch\/wp-content\/uploads\/2019\/06\/DSCN4721.jpg 1440w\" sizes=\"auto, (max-width: 1024px) 100vw, 1024px\" \/><\/figure><\/li><li class=\"blocks-gallery-item\"><figure><img loading=\"lazy\" decoding=\"async\" width=\"1024\" height=\"768\" src=\"http:\/\/lienis.landplaninfo.ch\/wp-content\/uploads\/2019\/06\/DSCN4729-1-1024x768.jpg\" alt=\"\" data-id=\"4819\" data-link=\"http:\/\/lienis.landplaninfo.ch\/?attachment_id=4819\" class=\"wp-image-4819\" srcset=\"http:\/\/lienis.landplaninfo.ch\/wp-content\/uploads\/2019\/06\/DSCN4729-1-1024x768.jpg 1024w, http:\/\/lienis.landplaninfo.ch\/wp-content\/uploads\/2019\/06\/DSCN4729-1-300x225.jpg 300w, http:\/\/lienis.landplaninfo.ch\/wp-content\/uploads\/2019\/06\/DSCN4729-1-768x576.jpg 768w, http:\/\/lienis.landplaninfo.ch\/wp-content\/uploads\/2019\/06\/DSCN4729-1.jpg 1440w\" sizes=\"auto, (max-width: 1024px) 100vw, 1024px\" \/><\/figure><\/li><li class=\"blocks-gallery-item\"><figure><img loading=\"lazy\" decoding=\"async\" width=\"1024\" height=\"768\" src=\"http:\/\/lienis.landplaninfo.ch\/wp-content\/uploads\/2019\/06\/DSCN4728-1024x768.jpg\" alt=\"\" data-id=\"4829\" data-link=\"http:\/\/lienis.landplaninfo.ch\/?attachment_id=4829\" class=\"wp-image-4829\" srcset=\"http:\/\/lienis.landplaninfo.ch\/wp-content\/uploads\/2019\/06\/DSCN4728-1024x768.jpg 1024w, http:\/\/lienis.landplaninfo.ch\/wp-content\/uploads\/2019\/06\/DSCN4728-300x225.jpg 300w, http:\/\/lienis.landplaninfo.ch\/wp-content\/uploads\/2019\/06\/DSCN4728-768x576.jpg 768w, http:\/\/lienis.landplaninfo.ch\/wp-content\/uploads\/2019\/06\/DSCN4728.jpg 1440w\" sizes=\"auto, (max-width: 1024px) 100vw, 1024px\" \/><\/figure><\/li><li class=\"blocks-gallery-item\"><figure><img loading=\"lazy\" decoding=\"async\" width=\"1024\" height=\"768\" src=\"http:\/\/lienis.landplaninfo.ch\/wp-content\/uploads\/2019\/06\/DSCN4727-1024x768.jpg\" alt=\"\" data-id=\"4831\" data-link=\"http:\/\/lienis.landplaninfo.ch\/?attachment_id=4831\" class=\"wp-image-4831\" srcset=\"http:\/\/lienis.landplaninfo.ch\/wp-content\/uploads\/2019\/06\/DSCN4727-1024x768.jpg 1024w, http:\/\/lienis.landplaninfo.ch\/wp-content\/uploads\/2019\/06\/DSCN4727-300x225.jpg 300w, http:\/\/lienis.landplaninfo.ch\/wp-content\/uploads\/2019\/06\/DSCN4727-768x576.jpg 768w, http:\/\/lienis.landplaninfo.ch\/wp-content\/uploads\/2019\/06\/DSCN4727.jpg 1440w\" sizes=\"auto, (max-width: 1024px) 100vw, 1024px\" \/><\/figure><\/li><\/ul>\n","protected":false},"excerpt":{"rendered":"<p>Etappe 19: https:\/\/connect.garmin.com\/modern\/activity\/3785841949?share_unique_id=211 Die Schlussetappe war so etwas wie das Schlusszeitfahren. 90 km auf absolut flachen autofreien Radautobahnen. Der Ausblick auf das Wasser der Donau und die begleitenden Auenw\u00e4lder werden bald eint\u00f6nig. Das nervige Bremsenschleifger\u00e4usch der letzten Tage ist weg. Es rollt wieder wie auf der Bahn. Alles verleitet zum Gas geben und am Limit [&hellip;]<\/p>\n","protected":false},"author":1,"featured_media":0,"comment_status":"open","ping_status":"open","sticky":false,"template":"","format":"standard","meta":{"footnotes":""},"categories":[9],"tags":[64],"class_list":["post-4835","post","type-post","status-publish","format-standard","hentry","category-andreas","tag-tour-des-alpes"],"_links":{"self":[{"href":"http:\/\/lienis.landplaninfo.ch\/index.php?rest_route=\/wp\/v2\/posts\/4835","targetHints":{"allow":["GET"]}}],"collection":[{"href":"http:\/\/lienis.landplaninfo.ch\/index.php?rest_route=\/wp\/v2\/posts"}],"about":[{"href":"http:\/\/lienis.landplaninfo.ch\/index.php?rest_route=\/wp\/v2\/types\/post"}],"author":[{"embeddable":true,"href":"http:\/\/lienis.landplaninfo.ch\/index.php?rest_route=\/wp\/v2\/users\/1"}],"replies":[{"embeddable":true,"href":"http:\/\/lienis.landplaninfo.ch\/index.php?rest_route=%2Fwp%2Fv2%2Fcomments&post=4835"}],"version-history":[{"count":2,"href":"http:\/\/lienis.landplaninfo.ch\/index.php?rest_route=\/wp\/v2\/posts\/4835\/revisions"}],"predecessor-version":[{"id":4929,"href":"http:\/\/lienis.landplaninfo.ch\/index.php?rest_route=\/wp\/v2\/posts\/4835\/revisions\/4929"}],"wp:attachment":[{"href":"http:\/\/lienis.landplaninfo.ch\/index.php?rest_route=%2Fwp%2Fv2%2Fmedia&parent=4835"}],"wp:term":[{"taxonomy":"category","embeddable":true,"href":"http:\/\/lienis.landplaninfo.ch\/index.php?rest_route=%2Fwp%2Fv2%2Fcategories&post=4835"},{"taxonomy":"post_tag","embeddable":true,"href":"http:\/\/lienis.landplaninfo.ch\/index.php?rest_route=%2Fwp%2Fv2%2Ftags&post=4835"}],"curies":[{"name":"wp","href":"https:\/\/api.w.org\/{rel}","templated":true}]}}