{"id":4733,"date":"2019-06-23T18:01:54","date_gmt":"2019-06-23T16:01:54","guid":{"rendered":"http:\/\/lienis.landplaninfo.ch\/?p=4733"},"modified":"2019-06-28T21:51:05","modified_gmt":"2019-06-28T19:51:05","slug":"tour-des-alpes-16-etappe","status":"publish","type":"post","link":"http:\/\/lienis.landplaninfo.ch\/?p=4733","title":{"rendered":"Tour des Alpes &#8211; 16. Etappe"},"content":{"rendered":"<p><iframe loading=\"lazy\" src=\"https:\/\/connect.garmin.com\/modern\/activity\/embed\/3776422128\" width=\"465\" height=\"500\" frameborder=\"0\"><\/iframe><\/p>\n<p>Etappe 16:<\/p>\n<p><a href=\"https:\/\/connect.garmin.com\/modern\/activity\/3776422128?share_unique_id=224\">https:\/\/connect.garmin.com\/modern\/activity\/3776422128?share_unique_id=224<\/a><\/p>\n<p>Leider startete der Tag gar nicht wie nach der wunderbaren Abendstimmung erwartet mit sch\u00f6nen Wetter. Obwohl ich meine gestrigen Fitnessgrunds\u00e4tzen (d.h&nbsp; dem Weissbier) treu geblieben bin, hatte das Wetter das Gef\u00fchl, ich h\u00e4tte einen weiteren tr\u00fcbnassen Tag verdient. Immerhin ist mir schon am morgen, als sich das Navi weigerte meine vorgesehene Tour zu routen, rasch die richtige Eingebung gekommen (Planungseinstellung gestern: Offroad, Navi heute: Rennrad). Da ich am morgen nicht schon nasse steile Aufstiege auf Wanderwegen auf mich nehmen wollte also rechtsumkehrt und doch der Strasse nach. Es blieb dabei tr\u00fcb. Obwohl es selten regnete war und blieb das Wetter schottisch (d.h. etwas zwischen Nieseln und 200% Luftfeuchtigkeit.) Genau als ich dann zum H\u00f6hepunkt der heutigen Strecke kam (Einfahrt in den landschaftlich spektakul\u00e4ren Nationalpark Ges\u00e4use) begann es so richtig herunter zu lassen. Also wieder mal Regen Vollmontour, die so gar nicht zu den zahlreich steilen Gegensteigungsrampen (obwohl es ja mehrheitlich abw\u00e4rts ging) passte. Egal wie man es machte (an, aus, auf, zu) man (also ich \ud83e\udd14) wurde von Innen oder\/und von Aussen nass. Die vermutlich tollen Felsw\u00e4nde meist hinter Nebel und Regenschwaden , bzw einer beschlagenen Brille, versteckt. Und die Nationalparkstrasse eine Mischung aus Schlagl\u00f6chern und Flickwerk forderte den gr\u00f6ssten Teil der Konzentration in Bereich des Vorderrades. So habe ich von der sch\u00f6nsten Strecke am Schluss nicht allzuviel mitbekommen.<\/p>\n<p>Da der Niederschlag einfach nicht klein bei geben wollte, habe ich es schliesslich getan und bin irgendwo auf der Strecke beim &#8218;Stiegelwirt&#8216; f\u00fcr heute abgestiegen.<\/p>\n\n\n<ul class=\"wp-block-gallery columns-3 is-cropped wp-block-gallery-1 is-layout-flex wp-block-gallery-is-layout-flex\"><li class=\"blocks-gallery-item\"><figure><img loading=\"lazy\" decoding=\"async\" width=\"1024\" height=\"768\" src=\"http:\/\/lienis.landplaninfo.ch\/wp-content\/uploads\/2019\/06\/20190623_165232-1024x768.jpg\" alt=\"\" data-id=\"4722\" data-link=\"http:\/\/lienis.landplaninfo.ch\/?attachment_id=4722\" class=\"wp-image-4722\" srcset=\"http:\/\/lienis.landplaninfo.ch\/wp-content\/uploads\/2019\/06\/20190623_165232-1024x768.jpg 1024w, http:\/\/lienis.landplaninfo.ch\/wp-content\/uploads\/2019\/06\/20190623_165232-300x225.jpg 300w, http:\/\/lienis.landplaninfo.ch\/wp-content\/uploads\/2019\/06\/20190623_165232-768x576.jpg 768w, http:\/\/lienis.landplaninfo.ch\/wp-content\/uploads\/2019\/06\/20190623_165232.jpg 1440w\" sizes=\"auto, (max-width: 1024px) 100vw, 1024px\" \/><\/figure><\/li><li class=\"blocks-gallery-item\"><figure><img loading=\"lazy\" decoding=\"async\" width=\"1024\" height=\"768\" src=\"http:\/\/lienis.landplaninfo.ch\/wp-content\/uploads\/2019\/06\/DSCN4658-1024x768.jpg\" alt=\"\" data-id=\"4719\" data-link=\"http:\/\/lienis.landplaninfo.ch\/?attachment_id=4719\" class=\"wp-image-4719\" srcset=\"http:\/\/lienis.landplaninfo.ch\/wp-content\/uploads\/2019\/06\/DSCN4658-1024x768.jpg 1024w, http:\/\/lienis.landplaninfo.ch\/wp-content\/uploads\/2019\/06\/DSCN4658-300x225.jpg 300w, http:\/\/lienis.landplaninfo.ch\/wp-content\/uploads\/2019\/06\/DSCN4658-768x576.jpg 768w, http:\/\/lienis.landplaninfo.ch\/wp-content\/uploads\/2019\/06\/DSCN4658.jpg 1440w\" sizes=\"auto, (max-width: 1024px) 100vw, 1024px\" \/><\/figure><\/li><li class=\"blocks-gallery-item\"><figure><img loading=\"lazy\" decoding=\"async\" width=\"1024\" height=\"768\" src=\"http:\/\/lienis.landplaninfo.ch\/wp-content\/uploads\/2019\/06\/DSCN4656-1024x768.jpg\" alt=\"\" data-id=\"4725\" data-link=\"http:\/\/lienis.landplaninfo.ch\/?attachment_id=4725\" class=\"wp-image-4725\" srcset=\"http:\/\/lienis.landplaninfo.ch\/wp-content\/uploads\/2019\/06\/DSCN4656-1024x768.jpg 1024w, http:\/\/lienis.landplaninfo.ch\/wp-content\/uploads\/2019\/06\/DSCN4656-300x225.jpg 300w, http:\/\/lienis.landplaninfo.ch\/wp-content\/uploads\/2019\/06\/DSCN4656-768x576.jpg 768w, http:\/\/lienis.landplaninfo.ch\/wp-content\/uploads\/2019\/06\/DSCN4656.jpg 1440w\" sizes=\"auto, (max-width: 1024px) 100vw, 1024px\" \/><\/figure><\/li><li class=\"blocks-gallery-item\"><figure><img loading=\"lazy\" decoding=\"async\" width=\"1024\" height=\"768\" src=\"http:\/\/lienis.landplaninfo.ch\/wp-content\/uploads\/2019\/06\/DSCN4653-1024x768.jpg\" alt=\"\" data-id=\"4721\" data-link=\"http:\/\/lienis.landplaninfo.ch\/?attachment_id=4721\" class=\"wp-image-4721\" srcset=\"http:\/\/lienis.landplaninfo.ch\/wp-content\/uploads\/2019\/06\/DSCN4653-1024x768.jpg 1024w, http:\/\/lienis.landplaninfo.ch\/wp-content\/uploads\/2019\/06\/DSCN4653-300x225.jpg 300w, http:\/\/lienis.landplaninfo.ch\/wp-content\/uploads\/2019\/06\/DSCN4653-768x576.jpg 768w, http:\/\/lienis.landplaninfo.ch\/wp-content\/uploads\/2019\/06\/DSCN4653.jpg 1440w\" sizes=\"auto, (max-width: 1024px) 100vw, 1024px\" \/><figcaption>Das etwas unromantische Libellenbiotop in der Unterf\u00fchrung<\/figcaption><\/figure><\/li><li class=\"blocks-gallery-item\"><figure><img loading=\"lazy\" decoding=\"async\" width=\"1024\" height=\"768\" src=\"http:\/\/lienis.landplaninfo.ch\/wp-content\/uploads\/2019\/06\/DSCN4654-1024x768.jpg\" alt=\"\" data-id=\"4728\" data-link=\"http:\/\/lienis.landplaninfo.ch\/?attachment_id=4728\" class=\"wp-image-4728\" srcset=\"http:\/\/lienis.landplaninfo.ch\/wp-content\/uploads\/2019\/06\/DSCN4654-1024x768.jpg 1024w, http:\/\/lienis.landplaninfo.ch\/wp-content\/uploads\/2019\/06\/DSCN4654-300x225.jpg 300w, http:\/\/lienis.landplaninfo.ch\/wp-content\/uploads\/2019\/06\/DSCN4654-768x576.jpg 768w, http:\/\/lienis.landplaninfo.ch\/wp-content\/uploads\/2019\/06\/DSCN4654.jpg 1440w\" sizes=\"auto, (max-width: 1024px) 100vw, 1024px\" \/><figcaption>Und irgendwo in diesem Bild die Libelle dazu\ud83d\ude09<\/figcaption><\/figure><\/li><li class=\"blocks-gallery-item\"><figure><img loading=\"lazy\" decoding=\"async\" width=\"1024\" height=\"768\" src=\"http:\/\/lienis.landplaninfo.ch\/wp-content\/uploads\/2019\/06\/DSCN4662-1024x768.jpg\" alt=\"\" data-id=\"4723\" data-link=\"http:\/\/lienis.landplaninfo.ch\/?attachment_id=4723\" class=\"wp-image-4723\" srcset=\"http:\/\/lienis.landplaninfo.ch\/wp-content\/uploads\/2019\/06\/DSCN4662-1024x768.jpg 1024w, http:\/\/lienis.landplaninfo.ch\/wp-content\/uploads\/2019\/06\/DSCN4662-300x225.jpg 300w, http:\/\/lienis.landplaninfo.ch\/wp-content\/uploads\/2019\/06\/DSCN4662-768x576.jpg 768w, http:\/\/lienis.landplaninfo.ch\/wp-content\/uploads\/2019\/06\/DSCN4662.jpg 1440w\" sizes=\"auto, (max-width: 1024px) 100vw, 1024px\" \/><\/figure><\/li><li class=\"blocks-gallery-item\"><figure><img loading=\"lazy\" decoding=\"async\" width=\"1024\" height=\"768\" src=\"http:\/\/lienis.landplaninfo.ch\/wp-content\/uploads\/2019\/06\/DSCN4660-1024x768.jpg\" alt=\"\" data-id=\"4724\" data-link=\"http:\/\/lienis.landplaninfo.ch\/?attachment_id=4724\" class=\"wp-image-4724\" srcset=\"http:\/\/lienis.landplaninfo.ch\/wp-content\/uploads\/2019\/06\/DSCN4660-1024x768.jpg 1024w, http:\/\/lienis.landplaninfo.ch\/wp-content\/uploads\/2019\/06\/DSCN4660-300x225.jpg 300w, http:\/\/lienis.landplaninfo.ch\/wp-content\/uploads\/2019\/06\/DSCN4660-768x576.jpg 768w, http:\/\/lienis.landplaninfo.ch\/wp-content\/uploads\/2019\/06\/DSCN4660.jpg 1440w\" sizes=\"auto, (max-width: 1024px) 100vw, 1024px\" \/><\/figure><\/li><li class=\"blocks-gallery-item\"><figure><img loading=\"lazy\" decoding=\"async\" width=\"1024\" height=\"768\" src=\"http:\/\/lienis.landplaninfo.ch\/wp-content\/uploads\/2019\/06\/DSCN4657-1024x768.jpg\" alt=\"\" data-id=\"4731\" data-link=\"http:\/\/lienis.landplaninfo.ch\/?attachment_id=4731\" class=\"wp-image-4731\" srcset=\"http:\/\/lienis.landplaninfo.ch\/wp-content\/uploads\/2019\/06\/DSCN4657-1024x768.jpg 1024w, http:\/\/lienis.landplaninfo.ch\/wp-content\/uploads\/2019\/06\/DSCN4657-300x225.jpg 300w, http:\/\/lienis.landplaninfo.ch\/wp-content\/uploads\/2019\/06\/DSCN4657-768x576.jpg 768w, http:\/\/lienis.landplaninfo.ch\/wp-content\/uploads\/2019\/06\/DSCN4657.jpg 1440w\" sizes=\"auto, (max-width: 1024px) 100vw, 1024px\" \/><figcaption>Da hinten ist das Tor in den NP Ges\u00f6use<\/figcaption><\/figure><\/li><li class=\"blocks-gallery-item\"><figure><img loading=\"lazy\" decoding=\"async\" width=\"1024\" height=\"576\" src=\"http:\/\/lienis.landplaninfo.ch\/wp-content\/uploads\/2019\/06\/20190623_143800-1024x576.jpg\" alt=\"\" data-id=\"4726\" data-link=\"http:\/\/lienis.landplaninfo.ch\/?attachment_id=4726\" class=\"wp-image-4726\" srcset=\"http:\/\/lienis.landplaninfo.ch\/wp-content\/uploads\/2019\/06\/20190623_143800-1024x576.jpg 1024w, http:\/\/lienis.landplaninfo.ch\/wp-content\/uploads\/2019\/06\/20190623_143800-300x169.jpg 300w, http:\/\/lienis.landplaninfo.ch\/wp-content\/uploads\/2019\/06\/20190623_143800-768x432.jpg 768w\" sizes=\"auto, (max-width: 1024px) 100vw, 1024px\" \/><figcaption>Leider bis ich da bin ist auch der Regen hier<\/figcaption><\/figure><\/li><li class=\"blocks-gallery-item\"><figure><img loading=\"lazy\" decoding=\"async\" width=\"1024\" height=\"576\" src=\"http:\/\/lienis.landplaninfo.ch\/wp-content\/uploads\/2019\/06\/20190623_140936-1024x576.jpg\" alt=\"\" data-id=\"4727\" data-link=\"http:\/\/lienis.landplaninfo.ch\/?attachment_id=4727\" class=\"wp-image-4727\" srcset=\"http:\/\/lienis.landplaninfo.ch\/wp-content\/uploads\/2019\/06\/20190623_140936-1024x576.jpg 1024w, http:\/\/lienis.landplaninfo.ch\/wp-content\/uploads\/2019\/06\/20190623_140936-300x169.jpg 300w, http:\/\/lienis.landplaninfo.ch\/wp-content\/uploads\/2019\/06\/20190623_140936-768x432.jpg 768w\" sizes=\"auto, (max-width: 1024px) 100vw, 1024px\" \/><\/figure><\/li><li class=\"blocks-gallery-item\"><figure><img loading=\"lazy\" decoding=\"async\" width=\"1024\" height=\"576\" src=\"http:\/\/lienis.landplaninfo.ch\/wp-content\/uploads\/2019\/06\/20190623_143828-1024x576.jpg\" alt=\"\" data-id=\"4732\" data-link=\"http:\/\/lienis.landplaninfo.ch\/?attachment_id=4732\" class=\"wp-image-4732\" srcset=\"http:\/\/lienis.landplaninfo.ch\/wp-content\/uploads\/2019\/06\/20190623_143828-1024x576.jpg 1024w, http:\/\/lienis.landplaninfo.ch\/wp-content\/uploads\/2019\/06\/20190623_143828-300x169.jpg 300w, http:\/\/lienis.landplaninfo.ch\/wp-content\/uploads\/2019\/06\/20190623_143828-768x432.jpg 768w\" sizes=\"auto, (max-width: 1024px) 100vw, 1024px\" \/><\/figure><\/li><li class=\"blocks-gallery-item\"><figure><img loading=\"lazy\" decoding=\"async\" width=\"1024\" height=\"576\" src=\"http:\/\/lienis.landplaninfo.ch\/wp-content\/uploads\/2019\/06\/20190623_143842-1024x576.jpg\" alt=\"\" data-id=\"4730\" data-link=\"http:\/\/lienis.landplaninfo.ch\/?attachment_id=4730\" class=\"wp-image-4730\" srcset=\"http:\/\/lienis.landplaninfo.ch\/wp-content\/uploads\/2019\/06\/20190623_143842-1024x576.jpg 1024w, http:\/\/lienis.landplaninfo.ch\/wp-content\/uploads\/2019\/06\/20190623_143842-300x169.jpg 300w, http:\/\/lienis.landplaninfo.ch\/wp-content\/uploads\/2019\/06\/20190623_143842-768x432.jpg 768w\" sizes=\"auto, (max-width: 1024px) 100vw, 1024px\" \/><\/figure><\/li><li class=\"blocks-gallery-item\"><figure><img loading=\"lazy\" decoding=\"async\" width=\"1024\" height=\"576\" src=\"http:\/\/lienis.landplaninfo.ch\/wp-content\/uploads\/2019\/06\/20190623_140933-1024x576.jpg\" alt=\"\" data-id=\"4729\" data-link=\"http:\/\/lienis.landplaninfo.ch\/?attachment_id=4729\" class=\"wp-image-4729\" srcset=\"http:\/\/lienis.landplaninfo.ch\/wp-content\/uploads\/2019\/06\/20190623_140933-1024x576.jpg 1024w, http:\/\/lienis.landplaninfo.ch\/wp-content\/uploads\/2019\/06\/20190623_140933-300x169.jpg 300w, http:\/\/lienis.landplaninfo.ch\/wp-content\/uploads\/2019\/06\/20190623_140933-768x432.jpg 768w\" sizes=\"auto, (max-width: 1024px) 100vw, 1024px\" \/><\/figure><\/li><li class=\"blocks-gallery-item\"><figure><img loading=\"lazy\" decoding=\"async\" width=\"1024\" height=\"576\" src=\"http:\/\/lienis.landplaninfo.ch\/wp-content\/uploads\/2019\/06\/20190623_165327-1024x576.jpg\" alt=\"\" data-id=\"4720\" data-link=\"http:\/\/lienis.landplaninfo.ch\/?attachment_id=4720\" class=\"wp-image-4720\" srcset=\"http:\/\/lienis.landplaninfo.ch\/wp-content\/uploads\/2019\/06\/20190623_165327-1024x576.jpg 1024w, http:\/\/lienis.landplaninfo.ch\/wp-content\/uploads\/2019\/06\/20190623_165327-300x169.jpg 300w, http:\/\/lienis.landplaninfo.ch\/wp-content\/uploads\/2019\/06\/20190623_165327-768x432.jpg 768w\" sizes=\"auto, (max-width: 1024px) 100vw, 1024px\" \/><\/figure><\/li><li class=\"blocks-gallery-item\"><figure><img loading=\"lazy\" decoding=\"async\" width=\"1024\" height=\"768\" src=\"http:\/\/lienis.landplaninfo.ch\/wp-content\/uploads\/2019\/06\/20190623_150402-1024x768.jpg\" alt=\"\" data-id=\"4718\" data-link=\"http:\/\/lienis.landplaninfo.ch\/?attachment_id=4718\" class=\"wp-image-4718\" srcset=\"http:\/\/lienis.landplaninfo.ch\/wp-content\/uploads\/2019\/06\/20190623_150402-1024x768.jpg 1024w, http:\/\/lienis.landplaninfo.ch\/wp-content\/uploads\/2019\/06\/20190623_150402-300x225.jpg 300w, http:\/\/lienis.landplaninfo.ch\/wp-content\/uploads\/2019\/06\/20190623_150402-768x576.jpg 768w\" sizes=\"auto, (max-width: 1024px) 100vw, 1024px\" \/><figcaption>Vollmontour (zum Schwitzen)<\/figcaption><\/figure><\/li><\/ul>\n","protected":false},"excerpt":{"rendered":"<p>Etappe 16: https:\/\/connect.garmin.com\/modern\/activity\/3776422128?share_unique_id=224 Leider startete der Tag gar nicht wie nach der wunderbaren Abendstimmung erwartet mit sch\u00f6nen Wetter. Obwohl ich meine gestrigen Fitnessgrunds\u00e4tzen (d.h&nbsp; dem Weissbier) treu geblieben bin, hatte das Wetter das Gef\u00fchl, ich h\u00e4tte einen weiteren tr\u00fcbnassen Tag verdient. Immerhin ist mir schon am morgen, als sich das Navi weigerte meine vorgesehene Tour [&hellip;]<\/p>\n","protected":false},"author":1,"featured_media":0,"comment_status":"open","ping_status":"open","sticky":false,"template":"","format":"standard","meta":{"footnotes":""},"categories":[9],"tags":[64],"class_list":["post-4733","post","type-post","status-publish","format-standard","hentry","category-andreas","tag-tour-des-alpes"],"_links":{"self":[{"href":"http:\/\/lienis.landplaninfo.ch\/index.php?rest_route=\/wp\/v2\/posts\/4733","targetHints":{"allow":["GET"]}}],"collection":[{"href":"http:\/\/lienis.landplaninfo.ch\/index.php?rest_route=\/wp\/v2\/posts"}],"about":[{"href":"http:\/\/lienis.landplaninfo.ch\/index.php?rest_route=\/wp\/v2\/types\/post"}],"author":[{"embeddable":true,"href":"http:\/\/lienis.landplaninfo.ch\/index.php?rest_route=\/wp\/v2\/users\/1"}],"replies":[{"embeddable":true,"href":"http:\/\/lienis.landplaninfo.ch\/index.php?rest_route=%2Fwp%2Fv2%2Fcomments&post=4733"}],"version-history":[{"count":5,"href":"http:\/\/lienis.landplaninfo.ch\/index.php?rest_route=\/wp\/v2\/posts\/4733\/revisions"}],"predecessor-version":[{"id":4962,"href":"http:\/\/lienis.landplaninfo.ch\/index.php?rest_route=\/wp\/v2\/posts\/4733\/revisions\/4962"}],"wp:attachment":[{"href":"http:\/\/lienis.landplaninfo.ch\/index.php?rest_route=%2Fwp%2Fv2%2Fmedia&parent=4733"}],"wp:term":[{"taxonomy":"category","embeddable":true,"href":"http:\/\/lienis.landplaninfo.ch\/index.php?rest_route=%2Fwp%2Fv2%2Fcategories&post=4733"},{"taxonomy":"post_tag","embeddable":true,"href":"http:\/\/lienis.landplaninfo.ch\/index.php?rest_route=%2Fwp%2Fv2%2Ftags&post=4733"}],"curies":[{"name":"wp","href":"https:\/\/api.w.org\/{rel}","templated":true}]}}