{"id":4616,"date":"2019-06-20T16:08:57","date_gmt":"2019-06-20T14:08:57","guid":{"rendered":"http:\/\/lienis.landplaninfo.ch\/?p=4616"},"modified":"2019-06-27T18:10:36","modified_gmt":"2019-06-27T16:10:36","slug":"tour-des-alpes-13-etappe","status":"publish","type":"post","link":"http:\/\/lienis.landplaninfo.ch\/?p=4616","title":{"rendered":"Tour des Alpes &#8211; 13. Etappe"},"content":{"rendered":"<p><iframe loading=\"lazy\" src=\"https:\/\/connect.garmin.com\/modern\/activity\/embed\/3766318960\" width=\"465\" height=\"500\" frameborder=\"0\"><\/iframe><\/p>\n\n\n<p>Etappe 13:<\/p>\n\n\n\n<p><a href=\"https:\/\/connect.garmin.com\/modern\/activity\/3766318960?share_unique_id=230\">https:\/\/connect.garmin.com\/modern\/activity\/3766318960?share_unique_id=230<\/a><\/p>\n\n\n\n<p>Ganz so anstregend h\u00e4tte ich es nicht erwartet nach all den P\u00e4ssen vor der Hochalpenstrasse. Aber die steilen Rampen von meist 12-14% h\u00e4ngen richtig an und der kleinste Gang ist einfach nicht klein genug. Noch nie habe ich all das unn\u00f6tige Gep\u00e4ck so verflucht wie heute. Das hat es mir dann geh\u00f6rig \u00fcbel genommen und etwa nach halben Anstieg gabs ein Knall und das ganze Gep\u00e4ck inkl. Tr\u00e4ger liegt auf der Strasse. Die gestrigen Schotterstrecken und der heftige Wiegetritt (wenn es sonst nur noch zu Fuss ginge, bleibt einem auch nichts anderes \u00fcbrig) waren zuviel f\u00fcr die Aluschrauben und Gewinde, so dass sich das Metall zersetzte.<\/p>\n\n\n\n<p>Nach 15 Min basteln hatte ich dann alles mit einem kunstvollen Geflecht von Kabelbindern wieder einigermassen stabil. Sicherheitshalber verbannte ich den Rucksack auf den R\u00fccken was den Rest des Anstiegs nicht gerade bequemer machte.<\/p>\n\n\n\n<p>Auch der Grossglockner ist abgesehen von der Steilheit auch darum ein harter Brocken weil es eigentlich 2 P\u00e4sse sind und die Abfahrt zwischen den beiden \u00dcberg\u00e4ngen f\u00fchrt dazu, dass man die obersten 200 H\u00f6henmeter 2mal machen darf. Damit war das nicht der ganz h\u00f6chste, aber bestimmt der schwerste Pass der ganzen Tour.<\/p>\n\n\n\n<p>Die lange, genau so steile Abfahrt f\u00fchrte dann wirklich zu fast gl\u00fchenden Bremsscheiben auf denen das letzte bisschen Trinkwasser nur so verzischte.<\/p>\n\n\n\n<p>Und p\u00fcnktlich wie alle Tage nach dem Mittagessen ziehen rasch die Gewitterwolken auf, und keine 10 Sek. nachdem ich mich in einer Pension in  &#8218;Sicherheit&#8216; gebracht hatte, wurde aus dem Getr\u00f6pfel der grosse Wolkenbruch. Also doch auch etwas Gl\u00fcck auf der 13ten.\ud83d\ude09<\/p>\n\n\n\n<ul class=\"wp-block-gallery columns-3 is-cropped wp-block-gallery-1 is-layout-flex wp-block-gallery-is-layout-flex\"><li class=\"blocks-gallery-item\"><figure><img loading=\"lazy\" decoding=\"async\" width=\"1024\" height=\"768\" src=\"http:\/\/lienis.landplaninfo.ch\/wp-content\/uploads\/2019\/06\/20190620_153509-1024x768.jpg\" alt=\"\" data-id=\"4601\" data-link=\"http:\/\/lienis.landplaninfo.ch\/?attachment_id=4601\" class=\"wp-image-4601\" srcset=\"http:\/\/lienis.landplaninfo.ch\/wp-content\/uploads\/2019\/06\/20190620_153509-1024x768.jpg 1024w, http:\/\/lienis.landplaninfo.ch\/wp-content\/uploads\/2019\/06\/20190620_153509-300x225.jpg 300w, http:\/\/lienis.landplaninfo.ch\/wp-content\/uploads\/2019\/06\/20190620_153509-768x576.jpg 768w, http:\/\/lienis.landplaninfo.ch\/wp-content\/uploads\/2019\/06\/20190620_153509.jpg 1440w\" sizes=\"auto, (max-width: 1024px) 100vw, 1024px\" \/><figcaption>Das Tele entpuppte diese Hirsch leider als K\u00fche.<\/figcaption><\/figure><\/li><li class=\"blocks-gallery-item\"><figure><img loading=\"lazy\" decoding=\"async\" width=\"1024\" height=\"768\" src=\"http:\/\/lienis.landplaninfo.ch\/wp-content\/uploads\/2019\/06\/DSCN4579-1024x768.jpg\" alt=\"\" data-id=\"4600\" data-link=\"http:\/\/lienis.landplaninfo.ch\/?attachment_id=4600\" class=\"wp-image-4600\" srcset=\"http:\/\/lienis.landplaninfo.ch\/wp-content\/uploads\/2019\/06\/DSCN4579-1024x768.jpg 1024w, http:\/\/lienis.landplaninfo.ch\/wp-content\/uploads\/2019\/06\/DSCN4579-300x225.jpg 300w, http:\/\/lienis.landplaninfo.ch\/wp-content\/uploads\/2019\/06\/DSCN4579-768x576.jpg 768w, http:\/\/lienis.landplaninfo.ch\/wp-content\/uploads\/2019\/06\/DSCN4579.jpg 1440w\" sizes=\"auto, (max-width: 1024px) 100vw, 1024px\" \/><\/figure><\/li><li class=\"blocks-gallery-item\"><figure><img loading=\"lazy\" decoding=\"async\" width=\"1024\" height=\"768\" src=\"http:\/\/lienis.landplaninfo.ch\/wp-content\/uploads\/2019\/06\/DSCN4583-1024x768.jpg\" alt=\"\" data-id=\"4603\" data-link=\"http:\/\/lienis.landplaninfo.ch\/?attachment_id=4603\" class=\"wp-image-4603\" srcset=\"http:\/\/lienis.landplaninfo.ch\/wp-content\/uploads\/2019\/06\/DSCN4583-1024x768.jpg 1024w, http:\/\/lienis.landplaninfo.ch\/wp-content\/uploads\/2019\/06\/DSCN4583-300x225.jpg 300w, http:\/\/lienis.landplaninfo.ch\/wp-content\/uploads\/2019\/06\/DSCN4583-768x576.jpg 768w, http:\/\/lienis.landplaninfo.ch\/wp-content\/uploads\/2019\/06\/DSCN4583.jpg 1440w\" sizes=\"auto, (max-width: 1024px) 100vw, 1024px\" \/><\/figure><\/li><li class=\"blocks-gallery-item\"><figure><img loading=\"lazy\" decoding=\"async\" width=\"1024\" height=\"768\" src=\"http:\/\/lienis.landplaninfo.ch\/wp-content\/uploads\/2019\/06\/DSCN4580-1024x768.jpg\" alt=\"\" data-id=\"4610\" data-link=\"http:\/\/lienis.landplaninfo.ch\/?attachment_id=4610\" class=\"wp-image-4610\" srcset=\"http:\/\/lienis.landplaninfo.ch\/wp-content\/uploads\/2019\/06\/DSCN4580-1024x768.jpg 1024w, http:\/\/lienis.landplaninfo.ch\/wp-content\/uploads\/2019\/06\/DSCN4580-300x225.jpg 300w, http:\/\/lienis.landplaninfo.ch\/wp-content\/uploads\/2019\/06\/DSCN4580-768x576.jpg 768w, http:\/\/lienis.landplaninfo.ch\/wp-content\/uploads\/2019\/06\/DSCN4580.jpg 1440w\" sizes=\"auto, (max-width: 1024px) 100vw, 1024px\" \/><\/figure><\/li><li class=\"blocks-gallery-item\"><figure><img loading=\"lazy\" decoding=\"async\" width=\"1024\" height=\"768\" src=\"http:\/\/lienis.landplaninfo.ch\/wp-content\/uploads\/2019\/06\/DSCN4582-1024x768.jpg\" alt=\"\" data-id=\"4606\" data-link=\"http:\/\/lienis.landplaninfo.ch\/?attachment_id=4606\" class=\"wp-image-4606\" srcset=\"http:\/\/lienis.landplaninfo.ch\/wp-content\/uploads\/2019\/06\/DSCN4582-1024x768.jpg 1024w, http:\/\/lienis.landplaninfo.ch\/wp-content\/uploads\/2019\/06\/DSCN4582-300x225.jpg 300w, http:\/\/lienis.landplaninfo.ch\/wp-content\/uploads\/2019\/06\/DSCN4582-768x576.jpg 768w, http:\/\/lienis.landplaninfo.ch\/wp-content\/uploads\/2019\/06\/DSCN4582.jpg 1440w\" sizes=\"auto, (max-width: 1024px) 100vw, 1024px\" \/><\/figure><\/li><li class=\"blocks-gallery-item\"><figure><img loading=\"lazy\" decoding=\"async\" width=\"1024\" height=\"768\" src=\"http:\/\/lienis.landplaninfo.ch\/wp-content\/uploads\/2019\/06\/DSCN4593-1024x768.jpg\" alt=\"\" data-id=\"4605\" data-link=\"http:\/\/lienis.landplaninfo.ch\/?attachment_id=4605\" class=\"wp-image-4605\" srcset=\"http:\/\/lienis.landplaninfo.ch\/wp-content\/uploads\/2019\/06\/DSCN4593-1024x768.jpg 1024w, http:\/\/lienis.landplaninfo.ch\/wp-content\/uploads\/2019\/06\/DSCN4593-300x225.jpg 300w, http:\/\/lienis.landplaninfo.ch\/wp-content\/uploads\/2019\/06\/DSCN4593-768x576.jpg 768w, http:\/\/lienis.landplaninfo.ch\/wp-content\/uploads\/2019\/06\/DSCN4593.jpg 1440w\" sizes=\"auto, (max-width: 1024px) 100vw, 1024px\" \/><\/figure><\/li><li class=\"blocks-gallery-item\"><figure><img loading=\"lazy\" decoding=\"async\" width=\"1024\" height=\"768\" src=\"http:\/\/lienis.landplaninfo.ch\/wp-content\/uploads\/2019\/06\/DSCN4581-1024x768.jpg\" alt=\"\" data-id=\"4608\" data-link=\"http:\/\/lienis.landplaninfo.ch\/?attachment_id=4608\" class=\"wp-image-4608\" srcset=\"http:\/\/lienis.landplaninfo.ch\/wp-content\/uploads\/2019\/06\/DSCN4581-1024x768.jpg 1024w, http:\/\/lienis.landplaninfo.ch\/wp-content\/uploads\/2019\/06\/DSCN4581-300x225.jpg 300w, http:\/\/lienis.landplaninfo.ch\/wp-content\/uploads\/2019\/06\/DSCN4581-768x576.jpg 768w, http:\/\/lienis.landplaninfo.ch\/wp-content\/uploads\/2019\/06\/DSCN4581.jpg 1440w\" sizes=\"auto, (max-width: 1024px) 100vw, 1024px\" \/><\/figure><\/li><li class=\"blocks-gallery-item\"><figure><img loading=\"lazy\" decoding=\"async\" width=\"1024\" height=\"768\" src=\"http:\/\/lienis.landplaninfo.ch\/wp-content\/uploads\/2019\/06\/DSCN4592-1024x768.jpg\" alt=\"\" data-id=\"4607\" data-link=\"http:\/\/lienis.landplaninfo.ch\/?attachment_id=4607\" class=\"wp-image-4607\" srcset=\"http:\/\/lienis.landplaninfo.ch\/wp-content\/uploads\/2019\/06\/DSCN4592-1024x768.jpg 1024w, http:\/\/lienis.landplaninfo.ch\/wp-content\/uploads\/2019\/06\/DSCN4592-300x225.jpg 300w, http:\/\/lienis.landplaninfo.ch\/wp-content\/uploads\/2019\/06\/DSCN4592-768x576.jpg 768w, http:\/\/lienis.landplaninfo.ch\/wp-content\/uploads\/2019\/06\/DSCN4592.jpg 1440w\" sizes=\"auto, (max-width: 1024px) 100vw, 1024px\" \/><\/figure><\/li><li class=\"blocks-gallery-item\"><figure><img loading=\"lazy\" decoding=\"async\" width=\"1024\" height=\"768\" src=\"http:\/\/lienis.landplaninfo.ch\/wp-content\/uploads\/2019\/06\/DSCN4584-1024x768.jpg\" alt=\"\" data-id=\"4615\" data-link=\"http:\/\/lienis.landplaninfo.ch\/?attachment_id=4615\" class=\"wp-image-4615\" srcset=\"http:\/\/lienis.landplaninfo.ch\/wp-content\/uploads\/2019\/06\/DSCN4584-1024x768.jpg 1024w, http:\/\/lienis.landplaninfo.ch\/wp-content\/uploads\/2019\/06\/DSCN4584-300x225.jpg 300w, http:\/\/lienis.landplaninfo.ch\/wp-content\/uploads\/2019\/06\/DSCN4584-768x576.jpg 768w, http:\/\/lienis.landplaninfo.ch\/wp-content\/uploads\/2019\/06\/DSCN4584.jpg 1440w\" sizes=\"auto, (max-width: 1024px) 100vw, 1024px\" \/><\/figure><\/li><li class=\"blocks-gallery-item\"><figure><img loading=\"lazy\" decoding=\"async\" width=\"1024\" height=\"768\" src=\"http:\/\/lienis.landplaninfo.ch\/wp-content\/uploads\/2019\/06\/DSCN4577-1024x768.jpg\" alt=\"\" data-id=\"4612\" data-link=\"http:\/\/lienis.landplaninfo.ch\/?attachment_id=4612\" class=\"wp-image-4612\" srcset=\"http:\/\/lienis.landplaninfo.ch\/wp-content\/uploads\/2019\/06\/DSCN4577-1024x768.jpg 1024w, http:\/\/lienis.landplaninfo.ch\/wp-content\/uploads\/2019\/06\/DSCN4577-300x225.jpg 300w, http:\/\/lienis.landplaninfo.ch\/wp-content\/uploads\/2019\/06\/DSCN4577-768x576.jpg 768w, http:\/\/lienis.landplaninfo.ch\/wp-content\/uploads\/2019\/06\/DSCN4577.jpg 1440w\" sizes=\"auto, (max-width: 1024px) 100vw, 1024px\" \/><\/figure><\/li><li class=\"blocks-gallery-item\"><figure><img loading=\"lazy\" decoding=\"async\" width=\"1024\" height=\"768\" src=\"http:\/\/lienis.landplaninfo.ch\/wp-content\/uploads\/2019\/06\/DSCN4586-1024x768.jpg\" alt=\"\" data-id=\"4611\" data-link=\"http:\/\/lienis.landplaninfo.ch\/?attachment_id=4611\" class=\"wp-image-4611\" srcset=\"http:\/\/lienis.landplaninfo.ch\/wp-content\/uploads\/2019\/06\/DSCN4586-1024x768.jpg 1024w, http:\/\/lienis.landplaninfo.ch\/wp-content\/uploads\/2019\/06\/DSCN4586-300x225.jpg 300w, http:\/\/lienis.landplaninfo.ch\/wp-content\/uploads\/2019\/06\/DSCN4586-768x576.jpg 768w, http:\/\/lienis.landplaninfo.ch\/wp-content\/uploads\/2019\/06\/DSCN4586.jpg 1440w\" sizes=\"auto, (max-width: 1024px) 100vw, 1024px\" \/><\/figure><\/li><li class=\"blocks-gallery-item\"><figure><img loading=\"lazy\" decoding=\"async\" width=\"1024\" height=\"768\" src=\"http:\/\/lienis.landplaninfo.ch\/wp-content\/uploads\/2019\/06\/DSCN4596-1024x768.jpg\" alt=\"\" data-id=\"4613\" data-link=\"http:\/\/lienis.landplaninfo.ch\/?attachment_id=4613\" class=\"wp-image-4613\" srcset=\"http:\/\/lienis.landplaninfo.ch\/wp-content\/uploads\/2019\/06\/DSCN4596-1024x768.jpg 1024w, http:\/\/lienis.landplaninfo.ch\/wp-content\/uploads\/2019\/06\/DSCN4596-300x225.jpg 300w, http:\/\/lienis.landplaninfo.ch\/wp-content\/uploads\/2019\/06\/DSCN4596-768x576.jpg 768w, http:\/\/lienis.landplaninfo.ch\/wp-content\/uploads\/2019\/06\/DSCN4596.jpg 1440w\" sizes=\"auto, (max-width: 1024px) 100vw, 1024px\" \/><\/figure><\/li><li class=\"blocks-gallery-item\"><figure><img loading=\"lazy\" decoding=\"async\" width=\"1024\" height=\"768\" src=\"http:\/\/lienis.landplaninfo.ch\/wp-content\/uploads\/2019\/06\/20190620_110659-1024x768.jpg\" alt=\"\" data-id=\"4604\" data-link=\"http:\/\/lienis.landplaninfo.ch\/?attachment_id=4604\" class=\"wp-image-4604\" srcset=\"http:\/\/lienis.landplaninfo.ch\/wp-content\/uploads\/2019\/06\/20190620_110659-1024x768.jpg 1024w, http:\/\/lienis.landplaninfo.ch\/wp-content\/uploads\/2019\/06\/20190620_110659-300x225.jpg 300w, http:\/\/lienis.landplaninfo.ch\/wp-content\/uploads\/2019\/06\/20190620_110659-768x576.jpg 768w\" sizes=\"auto, (max-width: 1024px) 100vw, 1024px\" \/><\/figure><\/li><li class=\"blocks-gallery-item\"><figure><img loading=\"lazy\" decoding=\"async\" width=\"1024\" height=\"768\" src=\"http:\/\/lienis.landplaninfo.ch\/wp-content\/uploads\/2019\/06\/DSCN4589-1024x768.jpg\" alt=\"\" data-id=\"4598\" data-link=\"http:\/\/lienis.landplaninfo.ch\/?attachment_id=4598\" class=\"wp-image-4598\" srcset=\"http:\/\/lienis.landplaninfo.ch\/wp-content\/uploads\/2019\/06\/DSCN4589-1024x768.jpg 1024w, http:\/\/lienis.landplaninfo.ch\/wp-content\/uploads\/2019\/06\/DSCN4589-300x225.jpg 300w, http:\/\/lienis.landplaninfo.ch\/wp-content\/uploads\/2019\/06\/DSCN4589-768x576.jpg 768w, http:\/\/lienis.landplaninfo.ch\/wp-content\/uploads\/2019\/06\/DSCN4589.jpg 1440w\" sizes=\"auto, (max-width: 1024px) 100vw, 1024px\" \/><figcaption>Das Hochtor auf \u00fcber 2&#8217;500m.<\/figcaption><\/figure><\/li><li class=\"blocks-gallery-item\"><figure><img loading=\"lazy\" decoding=\"async\" width=\"1024\" height=\"768\" src=\"http:\/\/lienis.landplaninfo.ch\/wp-content\/uploads\/2019\/06\/DSCN4587-1024x768.jpg\" alt=\"\" data-id=\"4602\" data-link=\"http:\/\/lienis.landplaninfo.ch\/?attachment_id=4602\" class=\"wp-image-4602\" srcset=\"http:\/\/lienis.landplaninfo.ch\/wp-content\/uploads\/2019\/06\/DSCN4587-1024x768.jpg 1024w, http:\/\/lienis.landplaninfo.ch\/wp-content\/uploads\/2019\/06\/DSCN4587-300x225.jpg 300w, http:\/\/lienis.landplaninfo.ch\/wp-content\/uploads\/2019\/06\/DSCN4587-768x576.jpg 768w, http:\/\/lienis.landplaninfo.ch\/wp-content\/uploads\/2019\/06\/DSCN4587.jpg 1440w\" sizes=\"auto, (max-width: 1024px) 100vw, 1024px\" \/><\/figure><\/li><li class=\"blocks-gallery-item\"><figure><img loading=\"lazy\" decoding=\"async\" width=\"1024\" height=\"768\" src=\"http:\/\/lienis.landplaninfo.ch\/wp-content\/uploads\/2019\/06\/DSCN4588-1024x768.jpg\" alt=\"\" data-id=\"4599\" data-link=\"http:\/\/lienis.landplaninfo.ch\/?attachment_id=4599\" class=\"wp-image-4599\" srcset=\"http:\/\/lienis.landplaninfo.ch\/wp-content\/uploads\/2019\/06\/DSCN4588-1024x768.jpg 1024w, http:\/\/lienis.landplaninfo.ch\/wp-content\/uploads\/2019\/06\/DSCN4588-300x225.jpg 300w, http:\/\/lienis.landplaninfo.ch\/wp-content\/uploads\/2019\/06\/DSCN4588-768x576.jpg 768w, http:\/\/lienis.landplaninfo.ch\/wp-content\/uploads\/2019\/06\/DSCN4588.jpg 1440w\" sizes=\"auto, (max-width: 1024px) 100vw, 1024px\" \/><\/figure><\/li><li class=\"blocks-gallery-item\"><figure><img loading=\"lazy\" decoding=\"async\" width=\"1024\" height=\"768\" src=\"http:\/\/lienis.landplaninfo.ch\/wp-content\/uploads\/2019\/06\/DSCN4591-1024x768.jpg\" alt=\"\" data-id=\"4609\" data-link=\"http:\/\/lienis.landplaninfo.ch\/?attachment_id=4609\" class=\"wp-image-4609\" srcset=\"http:\/\/lienis.landplaninfo.ch\/wp-content\/uploads\/2019\/06\/DSCN4591-1024x768.jpg 1024w, http:\/\/lienis.landplaninfo.ch\/wp-content\/uploads\/2019\/06\/DSCN4591-300x225.jpg 300w, http:\/\/lienis.landplaninfo.ch\/wp-content\/uploads\/2019\/06\/DSCN4591-768x576.jpg 768w, http:\/\/lienis.landplaninfo.ch\/wp-content\/uploads\/2019\/06\/DSCN4591.jpg 1440w\" sizes=\"auto, (max-width: 1024px) 100vw, 1024px\" \/><\/figure><\/li><li class=\"blocks-gallery-item\"><figure><img loading=\"lazy\" decoding=\"async\" width=\"1024\" height=\"768\" src=\"http:\/\/lienis.landplaninfo.ch\/wp-content\/uploads\/2019\/06\/DSCN4595-1024x768.jpg\" alt=\"\" data-id=\"4614\" data-link=\"http:\/\/lienis.landplaninfo.ch\/?attachment_id=4614\" class=\"wp-image-4614\" srcset=\"http:\/\/lienis.landplaninfo.ch\/wp-content\/uploads\/2019\/06\/DSCN4595-1024x768.jpg 1024w, http:\/\/lienis.landplaninfo.ch\/wp-content\/uploads\/2019\/06\/DSCN4595-300x225.jpg 300w, http:\/\/lienis.landplaninfo.ch\/wp-content\/uploads\/2019\/06\/DSCN4595-768x576.jpg 768w, http:\/\/lienis.landplaninfo.ch\/wp-content\/uploads\/2019\/06\/DSCN4595.jpg 1440w\" sizes=\"auto, (max-width: 1024px) 100vw, 1024px\" \/><\/figure><\/li><li class=\"blocks-gallery-item\"><figure><img loading=\"lazy\" decoding=\"async\" width=\"1024\" height=\"768\" src=\"http:\/\/lienis.landplaninfo.ch\/wp-content\/uploads\/2019\/06\/20190620_153353-1024x768.jpg\" alt=\"\" data-id=\"4596\" data-link=\"http:\/\/lienis.landplaninfo.ch\/?attachment_id=4596\" class=\"wp-image-4596\" srcset=\"http:\/\/lienis.landplaninfo.ch\/wp-content\/uploads\/2019\/06\/20190620_153353-1024x768.jpg 1024w, http:\/\/lienis.landplaninfo.ch\/wp-content\/uploads\/2019\/06\/20190620_153353-300x225.jpg 300w, http:\/\/lienis.landplaninfo.ch\/wp-content\/uploads\/2019\/06\/20190620_153353-768x576.jpg 768w, http:\/\/lienis.landplaninfo.ch\/wp-content\/uploads\/2019\/06\/20190620_153353.jpg 1440w\" sizes=\"auto, (max-width: 1024px) 100vw, 1024px\" \/><\/figure><\/li><li class=\"blocks-gallery-item\"><figure><img loading=\"lazy\" decoding=\"async\" width=\"1024\" height=\"768\" src=\"http:\/\/lienis.landplaninfo.ch\/wp-content\/uploads\/2019\/06\/DSCN4590-1024x768.jpg\" alt=\"\" data-id=\"4597\" data-link=\"http:\/\/lienis.landplaninfo.ch\/?attachment_id=4597\" class=\"wp-image-4597\" srcset=\"http:\/\/lienis.landplaninfo.ch\/wp-content\/uploads\/2019\/06\/DSCN4590-1024x768.jpg 1024w, http:\/\/lienis.landplaninfo.ch\/wp-content\/uploads\/2019\/06\/DSCN4590-300x225.jpg 300w, http:\/\/lienis.landplaninfo.ch\/wp-content\/uploads\/2019\/06\/DSCN4590-768x576.jpg 768w, http:\/\/lienis.landplaninfo.ch\/wp-content\/uploads\/2019\/06\/DSCN4590.jpg 1440w\" sizes=\"auto, (max-width: 1024px) 100vw, 1024px\" \/><\/figure><\/li><\/ul>\n","protected":false},"excerpt":{"rendered":"<p>Etappe 13: https:\/\/connect.garmin.com\/modern\/activity\/3766318960?share_unique_id=230 Ganz so anstregend h\u00e4tte ich es nicht erwartet nach all den P\u00e4ssen vor der Hochalpenstrasse. Aber die steilen Rampen von meist 12-14% h\u00e4ngen richtig an und der kleinste Gang ist einfach nicht klein genug. Noch nie habe ich all das unn\u00f6tige Gep\u00e4ck so verflucht wie heute. Das hat es mir dann geh\u00f6rig [&hellip;]<\/p>\n","protected":false},"author":1,"featured_media":0,"comment_status":"open","ping_status":"open","sticky":false,"template":"","format":"standard","meta":{"footnotes":""},"categories":[9],"tags":[64],"class_list":["post-4616","post","type-post","status-publish","format-standard","hentry","category-andreas","tag-tour-des-alpes"],"_links":{"self":[{"href":"http:\/\/lienis.landplaninfo.ch\/index.php?rest_route=\/wp\/v2\/posts\/4616","targetHints":{"allow":["GET"]}}],"collection":[{"href":"http:\/\/lienis.landplaninfo.ch\/index.php?rest_route=\/wp\/v2\/posts"}],"about":[{"href":"http:\/\/lienis.landplaninfo.ch\/index.php?rest_route=\/wp\/v2\/types\/post"}],"author":[{"embeddable":true,"href":"http:\/\/lienis.landplaninfo.ch\/index.php?rest_route=\/wp\/v2\/users\/1"}],"replies":[{"embeddable":true,"href":"http:\/\/lienis.landplaninfo.ch\/index.php?rest_route=%2Fwp%2Fv2%2Fcomments&post=4616"}],"version-history":[{"count":3,"href":"http:\/\/lienis.landplaninfo.ch\/index.php?rest_route=\/wp\/v2\/posts\/4616\/revisions"}],"predecessor-version":[{"id":4939,"href":"http:\/\/lienis.landplaninfo.ch\/index.php?rest_route=\/wp\/v2\/posts\/4616\/revisions\/4939"}],"wp:attachment":[{"href":"http:\/\/lienis.landplaninfo.ch\/index.php?rest_route=%2Fwp%2Fv2%2Fmedia&parent=4616"}],"wp:term":[{"taxonomy":"category","embeddable":true,"href":"http:\/\/lienis.landplaninfo.ch\/index.php?rest_route=%2Fwp%2Fv2%2Fcategories&post=4616"},{"taxonomy":"post_tag","embeddable":true,"href":"http:\/\/lienis.landplaninfo.ch\/index.php?rest_route=%2Fwp%2Fv2%2Ftags&post=4616"}],"curies":[{"name":"wp","href":"https:\/\/api.w.org\/{rel}","templated":true}]}}