{"id":4488,"date":"2019-06-17T17:27:11","date_gmt":"2019-06-17T15:27:11","guid":{"rendered":"http:\/\/lienis.landplaninfo.ch\/?p=4488"},"modified":"2019-06-28T21:49:21","modified_gmt":"2019-06-28T19:49:21","slug":"tour-des-alpes-10-etappe","status":"publish","type":"post","link":"http:\/\/lienis.landplaninfo.ch\/?p=4488","title":{"rendered":"Tour des Alpes &#8211; 10. Etappe"},"content":{"rendered":"<p><iframe loading=\"lazy\" src=\"https:\/\/connect.garmin.com\/modern\/activity\/embed\/3756649924\" width=\"465\" height=\"500\" frameborder=\"0\"><\/iframe><\/p>\n\n\n<p>Etappe 10:<\/p>\n\n\n\n<p><a href=\"https:\/\/connect.garmin.com\/modern\/activity\/3756649924?share_unique_id=236\">https:\/\/connect.garmin.com\/modern\/activity\/3756649924?share_unique_id=236<\/a><\/p>\n\n\n\n<p>Die ersten 80 km rollten und rollten und rollten. Leichtes Gef\u00e4lle oder praktisch flach auf dem bestens ausgebauten Euroradweg das Vintschgau hinunter.<\/p>\n\n\n\n<p>Hinderlich zwischendurch die Hundertschaften von Elektorentnern (bei einigen hatte man das Gef\u00fchl sie h\u00e4tten den Rollator gegen ein Elektromountainbike getauscht und das sie das inzwischen selber eine bl\u00f6de Idee f\u00e4nden). Aber irgendwie alle unfallfrei \u00fcberholt und zwischendurch liess sich so richtig aufdrehen. Das Fahrgef\u00fchl erinnerte schon fast ans letzte Jahr mit R\u00fcckenwindtour auf den Deichen. Als dann K\u00f6rper und Kopf nach einigen Stunden mit 30 km\/h vergessen hatten was klettern heisst, gings nach 90 km wieder z\u00fcnftig hoch. S\u00fcdtiroler finden 14-15 % Steigung auch auf l\u00e4ngere Strecken absolut zumutbar (was allerdings mindestens einem Camper nicht gut bekam und der in einer Rampe, zur Freude der blockierten Autos liegen blieb) und so geriet der Anstieg auf die Seiser Alm und den Panidersattel in der gr\u00f6ssten Hitze doch noch zur Qu\u00e4lerei. (Von der kleinen Freude an den blockierten Autos vorbeizuziehen mal abgesehen). Warum nur hatte ich mich verleiten lassen und es im Flachen nicht etwas gem\u00fctlicher genommen um einige K\u00f6rner aufzuspaaren? Aber das Klettern geht morgen in den Dolomiten weiter, dann kann ich ja nochmals \u00fcben etwas besser einzuteilen.<\/p>\n\n\n\n<ul class=\"wp-block-gallery columns-3 is-cropped wp-block-gallery-1 is-layout-flex wp-block-gallery-is-layout-flex\"><li class=\"blocks-gallery-item\"><figure><img loading=\"lazy\" decoding=\"async\" width=\"1024\" height=\"768\" src=\"http:\/\/lienis.landplaninfo.ch\/wp-content\/uploads\/2019\/06\/20190617_174412-1024x768.jpg\" alt=\"\" data-id=\"4501\" data-link=\"http:\/\/lienis.landplaninfo.ch\/?attachment_id=4501\" class=\"wp-image-4501\" srcset=\"http:\/\/lienis.landplaninfo.ch\/wp-content\/uploads\/2019\/06\/20190617_174412-1024x768.jpg 1024w, http:\/\/lienis.landplaninfo.ch\/wp-content\/uploads\/2019\/06\/20190617_174412-300x225.jpg 300w, http:\/\/lienis.landplaninfo.ch\/wp-content\/uploads\/2019\/06\/20190617_174412-768x576.jpg 768w, http:\/\/lienis.landplaninfo.ch\/wp-content\/uploads\/2019\/06\/20190617_174412.jpg 1440w\" sizes=\"auto, (max-width: 1024px) 100vw, 1024px\" \/><figcaption>Das obere Vintschgau<\/figcaption><\/figure><\/li><li class=\"blocks-gallery-item\"><figure><img loading=\"lazy\" decoding=\"async\" width=\"1024\" height=\"768\" src=\"http:\/\/lienis.landplaninfo.ch\/wp-content\/uploads\/2019\/06\/DSCN4469-1024x768.jpg\" alt=\"\" data-id=\"4506\" data-link=\"http:\/\/lienis.landplaninfo.ch\/?attachment_id=4506\" class=\"wp-image-4506\" srcset=\"http:\/\/lienis.landplaninfo.ch\/wp-content\/uploads\/2019\/06\/DSCN4469-1024x768.jpg 1024w, http:\/\/lienis.landplaninfo.ch\/wp-content\/uploads\/2019\/06\/DSCN4469-300x225.jpg 300w, http:\/\/lienis.landplaninfo.ch\/wp-content\/uploads\/2019\/06\/DSCN4469-768x576.jpg 768w, http:\/\/lienis.landplaninfo.ch\/wp-content\/uploads\/2019\/06\/DSCN4469.jpg 1440w\" sizes=\"auto, (max-width: 1024px) 100vw, 1024px\" \/><\/figure><\/li><li class=\"blocks-gallery-item\"><figure><img loading=\"lazy\" decoding=\"async\" width=\"1024\" height=\"768\" src=\"http:\/\/lienis.landplaninfo.ch\/wp-content\/uploads\/2019\/06\/DSCN4472-1024x768.jpg\" alt=\"\" data-id=\"4512\" data-link=\"http:\/\/lienis.landplaninfo.ch\/?attachment_id=4512\" class=\"wp-image-4512\" srcset=\"http:\/\/lienis.landplaninfo.ch\/wp-content\/uploads\/2019\/06\/DSCN4472-1024x768.jpg 1024w, http:\/\/lienis.landplaninfo.ch\/wp-content\/uploads\/2019\/06\/DSCN4472-300x225.jpg 300w, http:\/\/lienis.landplaninfo.ch\/wp-content\/uploads\/2019\/06\/DSCN4472-768x576.jpg 768w, http:\/\/lienis.landplaninfo.ch\/wp-content\/uploads\/2019\/06\/DSCN4472.jpg 1440w\" sizes=\"auto, (max-width: 1024px) 100vw, 1024px\" \/><\/figure><\/li><li class=\"blocks-gallery-item\"><figure><img loading=\"lazy\" decoding=\"async\" width=\"1024\" height=\"768\" src=\"http:\/\/lienis.landplaninfo.ch\/wp-content\/uploads\/2019\/06\/20190616_222522-1024x768.jpg\" alt=\"\" data-id=\"4503\" data-link=\"http:\/\/lienis.landplaninfo.ch\/?attachment_id=4503\" class=\"wp-image-4503\" srcset=\"http:\/\/lienis.landplaninfo.ch\/wp-content\/uploads\/2019\/06\/20190616_222522-1024x768.jpg 1024w, http:\/\/lienis.landplaninfo.ch\/wp-content\/uploads\/2019\/06\/20190616_222522-300x225.jpg 300w, http:\/\/lienis.landplaninfo.ch\/wp-content\/uploads\/2019\/06\/20190616_222522-768x576.jpg 768w, http:\/\/lienis.landplaninfo.ch\/wp-content\/uploads\/2019\/06\/20190616_222522.jpg 1440w\" sizes=\"auto, (max-width: 1024px) 100vw, 1024px\" \/><\/figure><\/li><li class=\"blocks-gallery-item\"><figure><img loading=\"lazy\" decoding=\"async\" width=\"1024\" height=\"768\" src=\"http:\/\/lienis.landplaninfo.ch\/wp-content\/uploads\/2019\/06\/DSCN4471-1024x768.jpg\" alt=\"\" data-id=\"4500\" data-link=\"http:\/\/lienis.landplaninfo.ch\/?attachment_id=4500\" class=\"wp-image-4500\" srcset=\"http:\/\/lienis.landplaninfo.ch\/wp-content\/uploads\/2019\/06\/DSCN4471-1024x768.jpg 1024w, http:\/\/lienis.landplaninfo.ch\/wp-content\/uploads\/2019\/06\/DSCN4471-300x225.jpg 300w, http:\/\/lienis.landplaninfo.ch\/wp-content\/uploads\/2019\/06\/DSCN4471-768x576.jpg 768w, http:\/\/lienis.landplaninfo.ch\/wp-content\/uploads\/2019\/06\/DSCN4471.jpg 1440w\" sizes=\"auto, (max-width: 1024px) 100vw, 1024px\" \/><figcaption>Prad<\/figcaption><\/figure><\/li><li class=\"blocks-gallery-item\"><figure><img loading=\"lazy\" decoding=\"async\" width=\"1024\" height=\"768\" src=\"http:\/\/lienis.landplaninfo.ch\/wp-content\/uploads\/2019\/06\/DSCN4480-1024x768.jpg\" alt=\"\" data-id=\"4509\" data-link=\"http:\/\/lienis.landplaninfo.ch\/?attachment_id=4509\" class=\"wp-image-4509\" srcset=\"http:\/\/lienis.landplaninfo.ch\/wp-content\/uploads\/2019\/06\/DSCN4480-1024x768.jpg 1024w, http:\/\/lienis.landplaninfo.ch\/wp-content\/uploads\/2019\/06\/DSCN4480-300x225.jpg 300w, http:\/\/lienis.landplaninfo.ch\/wp-content\/uploads\/2019\/06\/DSCN4480-768x576.jpg 768w, http:\/\/lienis.landplaninfo.ch\/wp-content\/uploads\/2019\/06\/DSCN4480.jpg 1440w\" sizes=\"auto, (max-width: 1024px) 100vw, 1024px\" \/><figcaption>Guten morgen<\/figcaption><\/figure><\/li><li class=\"blocks-gallery-item\"><figure><img loading=\"lazy\" decoding=\"async\" width=\"1024\" height=\"768\" src=\"http:\/\/lienis.landplaninfo.ch\/wp-content\/uploads\/2019\/06\/DSCN4481-1024x768.jpg\" alt=\"\" data-id=\"4491\" data-link=\"http:\/\/lienis.landplaninfo.ch\/?attachment_id=4491\" class=\"wp-image-4491\" srcset=\"http:\/\/lienis.landplaninfo.ch\/wp-content\/uploads\/2019\/06\/DSCN4481-1024x768.jpg 1024w, http:\/\/lienis.landplaninfo.ch\/wp-content\/uploads\/2019\/06\/DSCN4481-300x225.jpg 300w, http:\/\/lienis.landplaninfo.ch\/wp-content\/uploads\/2019\/06\/DSCN4481-768x576.jpg 768w, http:\/\/lienis.landplaninfo.ch\/wp-content\/uploads\/2019\/06\/DSCN4481.jpg 1440w\" sizes=\"auto, (max-width: 1024px) 100vw, 1024px\" \/><figcaption>50 Mia. \u00c4pfel links und rechts<\/figcaption><\/figure><\/li><li class=\"blocks-gallery-item\"><figure><img loading=\"lazy\" decoding=\"async\" width=\"1024\" height=\"768\" src=\"http:\/\/lienis.landplaninfo.ch\/wp-content\/uploads\/2019\/06\/DSCN4478-1024x768.jpg\" alt=\"\" data-id=\"4499\" data-link=\"http:\/\/lienis.landplaninfo.ch\/?attachment_id=4499\" class=\"wp-image-4499\" srcset=\"http:\/\/lienis.landplaninfo.ch\/wp-content\/uploads\/2019\/06\/DSCN4478-1024x768.jpg 1024w, http:\/\/lienis.landplaninfo.ch\/wp-content\/uploads\/2019\/06\/DSCN4478-300x225.jpg 300w, http:\/\/lienis.landplaninfo.ch\/wp-content\/uploads\/2019\/06\/DSCN4478-768x576.jpg 768w, http:\/\/lienis.landplaninfo.ch\/wp-content\/uploads\/2019\/06\/DSCN4478.jpg 1440w\" sizes=\"auto, (max-width: 1024px) 100vw, 1024px\" \/><figcaption>Wasserballet<\/figcaption><\/figure><\/li><li class=\"blocks-gallery-item\"><figure><img loading=\"lazy\" decoding=\"async\" width=\"1024\" height=\"768\" src=\"http:\/\/lienis.landplaninfo.ch\/wp-content\/uploads\/2019\/06\/DSCN4479-1024x768.jpg\" alt=\"\" data-id=\"4511\" data-link=\"http:\/\/lienis.landplaninfo.ch\/?attachment_id=4511\" class=\"wp-image-4511\" srcset=\"http:\/\/lienis.landplaninfo.ch\/wp-content\/uploads\/2019\/06\/DSCN4479-1024x768.jpg 1024w, http:\/\/lienis.landplaninfo.ch\/wp-content\/uploads\/2019\/06\/DSCN4479-300x225.jpg 300w, http:\/\/lienis.landplaninfo.ch\/wp-content\/uploads\/2019\/06\/DSCN4479-768x576.jpg 768w, http:\/\/lienis.landplaninfo.ch\/wp-content\/uploads\/2019\/06\/DSCN4479.jpg 1440w\" sizes=\"auto, (max-width: 1024px) 100vw, 1024px\" \/><\/figure><\/li><li class=\"blocks-gallery-item\"><figure><img loading=\"lazy\" decoding=\"async\" width=\"1024\" height=\"768\" src=\"http:\/\/lienis.landplaninfo.ch\/wp-content\/uploads\/2019\/06\/DSCN4482-1024x768.jpg\" alt=\"\" data-id=\"4496\" data-link=\"http:\/\/lienis.landplaninfo.ch\/?attachment_id=4496\" class=\"wp-image-4496\" srcset=\"http:\/\/lienis.landplaninfo.ch\/wp-content\/uploads\/2019\/06\/DSCN4482-1024x768.jpg 1024w, http:\/\/lienis.landplaninfo.ch\/wp-content\/uploads\/2019\/06\/DSCN4482-300x225.jpg 300w, http:\/\/lienis.landplaninfo.ch\/wp-content\/uploads\/2019\/06\/DSCN4482-768x576.jpg 768w, http:\/\/lienis.landplaninfo.ch\/wp-content\/uploads\/2019\/06\/DSCN4482.jpg 1440w\" sizes=\"auto, (max-width: 1024px) 100vw, 1024px\" \/><\/figure><\/li><li class=\"blocks-gallery-item\"><figure><img loading=\"lazy\" decoding=\"async\" width=\"1024\" height=\"768\" src=\"http:\/\/lienis.landplaninfo.ch\/wp-content\/uploads\/2019\/06\/DSCN4485-1024x768.jpg\" alt=\"\" data-id=\"4492\" data-link=\"http:\/\/lienis.landplaninfo.ch\/?attachment_id=4492\" class=\"wp-image-4492\" srcset=\"http:\/\/lienis.landplaninfo.ch\/wp-content\/uploads\/2019\/06\/DSCN4485-1024x768.jpg 1024w, http:\/\/lienis.landplaninfo.ch\/wp-content\/uploads\/2019\/06\/DSCN4485-300x225.jpg 300w, http:\/\/lienis.landplaninfo.ch\/wp-content\/uploads\/2019\/06\/DSCN4485-768x576.jpg 768w, http:\/\/lienis.landplaninfo.ch\/wp-content\/uploads\/2019\/06\/DSCN4485.jpg 1440w\" sizes=\"auto, (max-width: 1024px) 100vw, 1024px\" \/><\/figure><\/li><li class=\"blocks-gallery-item\"><figure><img loading=\"lazy\" decoding=\"async\" width=\"1024\" height=\"768\" src=\"http:\/\/lienis.landplaninfo.ch\/wp-content\/uploads\/2019\/06\/DSCN4484-1024x768.jpg\" alt=\"\" data-id=\"4493\" data-link=\"http:\/\/lienis.landplaninfo.ch\/?attachment_id=4493\" class=\"wp-image-4493\" srcset=\"http:\/\/lienis.landplaninfo.ch\/wp-content\/uploads\/2019\/06\/DSCN4484-1024x768.jpg 1024w, http:\/\/lienis.landplaninfo.ch\/wp-content\/uploads\/2019\/06\/DSCN4484-300x225.jpg 300w, http:\/\/lienis.landplaninfo.ch\/wp-content\/uploads\/2019\/06\/DSCN4484-768x576.jpg 768w, http:\/\/lienis.landplaninfo.ch\/wp-content\/uploads\/2019\/06\/DSCN4484.jpg 1440w\" sizes=\"auto, (max-width: 1024px) 100vw, 1024px\" \/><figcaption>Die &#8218;Rennstrecke&#8216;<\/figcaption><\/figure><\/li><li class=\"blocks-gallery-item\"><figure><img loading=\"lazy\" decoding=\"async\" width=\"1024\" height=\"768\" src=\"http:\/\/lienis.landplaninfo.ch\/wp-content\/uploads\/2019\/06\/DSCN4483-1024x768.jpg\" alt=\"\" data-id=\"4494\" data-link=\"http:\/\/lienis.landplaninfo.ch\/?attachment_id=4494\" class=\"wp-image-4494\" srcset=\"http:\/\/lienis.landplaninfo.ch\/wp-content\/uploads\/2019\/06\/DSCN4483-1024x768.jpg 1024w, http:\/\/lienis.landplaninfo.ch\/wp-content\/uploads\/2019\/06\/DSCN4483-300x225.jpg 300w, http:\/\/lienis.landplaninfo.ch\/wp-content\/uploads\/2019\/06\/DSCN4483-768x576.jpg 768w, http:\/\/lienis.landplaninfo.ch\/wp-content\/uploads\/2019\/06\/DSCN4483.jpg 1440w\" sizes=\"auto, (max-width: 1024px) 100vw, 1024px\" \/><\/figure><\/li><li class=\"blocks-gallery-item\"><figure><img loading=\"lazy\" decoding=\"async\" width=\"1024\" height=\"768\" src=\"http:\/\/lienis.landplaninfo.ch\/wp-content\/uploads\/2019\/06\/DSCN4487-1024x768.jpg\" alt=\"\" data-id=\"4505\" data-link=\"http:\/\/lienis.landplaninfo.ch\/?attachment_id=4505\" class=\"wp-image-4505\" srcset=\"http:\/\/lienis.landplaninfo.ch\/wp-content\/uploads\/2019\/06\/DSCN4487-1024x768.jpg 1024w, http:\/\/lienis.landplaninfo.ch\/wp-content\/uploads\/2019\/06\/DSCN4487-300x225.jpg 300w, http:\/\/lienis.landplaninfo.ch\/wp-content\/uploads\/2019\/06\/DSCN4487-768x576.jpg 768w, http:\/\/lienis.landplaninfo.ch\/wp-content\/uploads\/2019\/06\/DSCN4487.jpg 1440w\" sizes=\"auto, (max-width: 1024px) 100vw, 1024px\" \/><figcaption>Bozen mit Velonetz wie in Amsterdamm<\/figcaption><\/figure><\/li><li class=\"blocks-gallery-item\"><figure><img loading=\"lazy\" decoding=\"async\" width=\"1024\" height=\"768\" src=\"http:\/\/lienis.landplaninfo.ch\/wp-content\/uploads\/2019\/06\/DSCN4486-1024x768.jpg\" alt=\"\" data-id=\"4508\" data-link=\"http:\/\/lienis.landplaninfo.ch\/?attachment_id=4508\" class=\"wp-image-4508\" srcset=\"http:\/\/lienis.landplaninfo.ch\/wp-content\/uploads\/2019\/06\/DSCN4486-1024x768.jpg 1024w, http:\/\/lienis.landplaninfo.ch\/wp-content\/uploads\/2019\/06\/DSCN4486-300x225.jpg 300w, http:\/\/lienis.landplaninfo.ch\/wp-content\/uploads\/2019\/06\/DSCN4486-768x576.jpg 768w, http:\/\/lienis.landplaninfo.ch\/wp-content\/uploads\/2019\/06\/DSCN4486.jpg 1440w\" sizes=\"auto, (max-width: 1024px) 100vw, 1024px\" \/><\/figure><\/li><li class=\"blocks-gallery-item\"><figure><img loading=\"lazy\" decoding=\"async\" width=\"1024\" height=\"768\" src=\"http:\/\/lienis.landplaninfo.ch\/wp-content\/uploads\/2019\/06\/DSCN4489-1024x768.jpg\" alt=\"\" data-id=\"4498\" data-link=\"http:\/\/lienis.landplaninfo.ch\/?attachment_id=4498\" class=\"wp-image-4498\" srcset=\"http:\/\/lienis.landplaninfo.ch\/wp-content\/uploads\/2019\/06\/DSCN4489-1024x768.jpg 1024w, http:\/\/lienis.landplaninfo.ch\/wp-content\/uploads\/2019\/06\/DSCN4489-300x225.jpg 300w, http:\/\/lienis.landplaninfo.ch\/wp-content\/uploads\/2019\/06\/DSCN4489-768x576.jpg 768w, http:\/\/lienis.landplaninfo.ch\/wp-content\/uploads\/2019\/06\/DSCN4489.jpg 1440w\" sizes=\"auto, (max-width: 1024px) 100vw, 1024px\" \/><figcaption>Heisser Anstieg<\/figcaption><\/figure><\/li><li class=\"blocks-gallery-item\"><figure><img loading=\"lazy\" decoding=\"async\" width=\"1024\" height=\"768\" src=\"http:\/\/lienis.landplaninfo.ch\/wp-content\/uploads\/2019\/06\/DSCN4495-1024x768.jpg\" alt=\"\" data-id=\"4495\" data-link=\"http:\/\/lienis.landplaninfo.ch\/?attachment_id=4495\" class=\"wp-image-4495\" srcset=\"http:\/\/lienis.landplaninfo.ch\/wp-content\/uploads\/2019\/06\/DSCN4495-1024x768.jpg 1024w, http:\/\/lienis.landplaninfo.ch\/wp-content\/uploads\/2019\/06\/DSCN4495-300x225.jpg 300w, http:\/\/lienis.landplaninfo.ch\/wp-content\/uploads\/2019\/06\/DSCN4495-768x576.jpg 768w, http:\/\/lienis.landplaninfo.ch\/wp-content\/uploads\/2019\/06\/DSCN4495.jpg 1440w\" sizes=\"auto, (max-width: 1024px) 100vw, 1024px\" \/><\/figure><\/li><li class=\"blocks-gallery-item\"><figure><img loading=\"lazy\" decoding=\"async\" width=\"1024\" height=\"768\" src=\"http:\/\/lienis.landplaninfo.ch\/wp-content\/uploads\/2019\/06\/DSCN4494-1024x768.jpg\" alt=\"\" data-id=\"4490\" data-link=\"http:\/\/lienis.landplaninfo.ch\/?attachment_id=4490\" class=\"wp-image-4490\" srcset=\"http:\/\/lienis.landplaninfo.ch\/wp-content\/uploads\/2019\/06\/DSCN4494-1024x768.jpg 1024w, http:\/\/lienis.landplaninfo.ch\/wp-content\/uploads\/2019\/06\/DSCN4494-300x225.jpg 300w, http:\/\/lienis.landplaninfo.ch\/wp-content\/uploads\/2019\/06\/DSCN4494-768x576.jpg 768w, http:\/\/lienis.landplaninfo.ch\/wp-content\/uploads\/2019\/06\/DSCN4494.jpg 1440w\" sizes=\"auto, (max-width: 1024px) 100vw, 1024px\" \/><\/figure><\/li><li class=\"blocks-gallery-item\"><figure><img loading=\"lazy\" decoding=\"async\" width=\"1024\" height=\"768\" src=\"http:\/\/lienis.landplaninfo.ch\/wp-content\/uploads\/2019\/06\/DSCN4429_1-1024x768.jpg\" alt=\"\" data-id=\"4482\" data-link=\"http:\/\/lienis.landplaninfo.ch\/?attachment_id=4482\" class=\"wp-image-4482\" srcset=\"http:\/\/lienis.landplaninfo.ch\/wp-content\/uploads\/2019\/06\/DSCN4429_1-1024x768.jpg 1024w, http:\/\/lienis.landplaninfo.ch\/wp-content\/uploads\/2019\/06\/DSCN4429_1-300x225.jpg 300w, http:\/\/lienis.landplaninfo.ch\/wp-content\/uploads\/2019\/06\/DSCN4429_1-768x576.jpg 768w, http:\/\/lienis.landplaninfo.ch\/wp-content\/uploads\/2019\/06\/DSCN4429_1.jpg 1440w\" sizes=\"auto, (max-width: 1024px) 100vw, 1024px\" \/><\/figure><\/li><li class=\"blocks-gallery-item\"><figure><img loading=\"lazy\" decoding=\"async\" width=\"1024\" height=\"768\" src=\"http:\/\/lienis.landplaninfo.ch\/wp-content\/uploads\/2019\/06\/DSCN4488-1024x768.jpg\" alt=\"\" data-id=\"4502\" data-link=\"http:\/\/lienis.landplaninfo.ch\/?attachment_id=4502\" class=\"wp-image-4502\" srcset=\"http:\/\/lienis.landplaninfo.ch\/wp-content\/uploads\/2019\/06\/DSCN4488-1024x768.jpg 1024w, http:\/\/lienis.landplaninfo.ch\/wp-content\/uploads\/2019\/06\/DSCN4488-300x225.jpg 300w, http:\/\/lienis.landplaninfo.ch\/wp-content\/uploads\/2019\/06\/DSCN4488-768x576.jpg 768w, http:\/\/lienis.landplaninfo.ch\/wp-content\/uploads\/2019\/06\/DSCN4488.jpg 1440w\" sizes=\"auto, (max-width: 1024px) 100vw, 1024px\" \/><\/figure><\/li><li class=\"blocks-gallery-item\"><figure><img loading=\"lazy\" decoding=\"async\" width=\"1024\" height=\"768\" src=\"http:\/\/lienis.landplaninfo.ch\/wp-content\/uploads\/2019\/06\/20190617_174332-1024x768.jpg\" alt=\"\" data-id=\"4504\" data-link=\"http:\/\/lienis.landplaninfo.ch\/?attachment_id=4504\" class=\"wp-image-4504\" srcset=\"http:\/\/lienis.landplaninfo.ch\/wp-content\/uploads\/2019\/06\/20190617_174332-1024x768.jpg 1024w, http:\/\/lienis.landplaninfo.ch\/wp-content\/uploads\/2019\/06\/20190617_174332-300x225.jpg 300w, http:\/\/lienis.landplaninfo.ch\/wp-content\/uploads\/2019\/06\/20190617_174332-768x576.jpg 768w, http:\/\/lienis.landplaninfo.ch\/wp-content\/uploads\/2019\/06\/20190617_174332.jpg 1440w\" sizes=\"auto, (max-width: 1024px) 100vw, 1024px\" \/><\/figure><\/li><li class=\"blocks-gallery-item\"><figure><img loading=\"lazy\" decoding=\"async\" width=\"1024\" height=\"768\" src=\"http:\/\/lienis.landplaninfo.ch\/wp-content\/uploads\/2019\/06\/20190617_174307-1024x768.jpg\" alt=\"\" data-id=\"4507\" data-link=\"http:\/\/lienis.landplaninfo.ch\/?attachment_id=4507\" class=\"wp-image-4507\" srcset=\"http:\/\/lienis.landplaninfo.ch\/wp-content\/uploads\/2019\/06\/20190617_174307-1024x768.jpg 1024w, http:\/\/lienis.landplaninfo.ch\/wp-content\/uploads\/2019\/06\/20190617_174307-300x225.jpg 300w, http:\/\/lienis.landplaninfo.ch\/wp-content\/uploads\/2019\/06\/20190617_174307-768x576.jpg 768w, http:\/\/lienis.landplaninfo.ch\/wp-content\/uploads\/2019\/06\/20190617_174307.jpg 1440w\" sizes=\"auto, (max-width: 1024px) 100vw, 1024px\" \/><\/figure><\/li><li class=\"blocks-gallery-item\"><figure><img loading=\"lazy\" decoding=\"async\" width=\"1024\" height=\"768\" src=\"http:\/\/lienis.landplaninfo.ch\/wp-content\/uploads\/2019\/06\/DSCN4490-1024x768.jpg\" alt=\"\" data-id=\"4510\" data-link=\"http:\/\/lienis.landplaninfo.ch\/?attachment_id=4510\" class=\"wp-image-4510\" srcset=\"http:\/\/lienis.landplaninfo.ch\/wp-content\/uploads\/2019\/06\/DSCN4490-1024x768.jpg 1024w, http:\/\/lienis.landplaninfo.ch\/wp-content\/uploads\/2019\/06\/DSCN4490-300x225.jpg 300w, http:\/\/lienis.landplaninfo.ch\/wp-content\/uploads\/2019\/06\/DSCN4490-768x576.jpg 768w, http:\/\/lienis.landplaninfo.ch\/wp-content\/uploads\/2019\/06\/DSCN4490.jpg 1440w\" sizes=\"auto, (max-width: 1024px) 100vw, 1024px\" \/><\/figure><\/li><li class=\"blocks-gallery-item\"><figure><img loading=\"lazy\" decoding=\"async\" width=\"1024\" height=\"768\" src=\"http:\/\/lienis.landplaninfo.ch\/wp-content\/uploads\/2019\/06\/20190617_164013-1024x768.jpg\" alt=\"\" data-id=\"4497\" data-link=\"http:\/\/lienis.landplaninfo.ch\/?attachment_id=4497\" class=\"wp-image-4497\" srcset=\"http:\/\/lienis.landplaninfo.ch\/wp-content\/uploads\/2019\/06\/20190617_164013-1024x768.jpg 1024w, http:\/\/lienis.landplaninfo.ch\/wp-content\/uploads\/2019\/06\/20190617_164013-300x225.jpg 300w, http:\/\/lienis.landplaninfo.ch\/wp-content\/uploads\/2019\/06\/20190617_164013-768x576.jpg 768w\" sizes=\"auto, (max-width: 1024px) 100vw, 1024px\" \/><\/figure><\/li><\/ul>\n","protected":false},"excerpt":{"rendered":"<p>Etappe 10: https:\/\/connect.garmin.com\/modern\/activity\/3756649924?share_unique_id=236 Die ersten 80 km rollten und rollten und rollten. Leichtes Gef\u00e4lle oder praktisch flach auf dem bestens ausgebauten Euroradweg das Vintschgau hinunter. Hinderlich zwischendurch die Hundertschaften von Elektorentnern (bei einigen hatte man das Gef\u00fchl sie h\u00e4tten den Rollator gegen ein Elektromountainbike getauscht und das sie das inzwischen selber eine bl\u00f6de Idee f\u00e4nden). [&hellip;]<\/p>\n","protected":false},"author":1,"featured_media":0,"comment_status":"open","ping_status":"open","sticky":false,"template":"","format":"standard","meta":{"footnotes":""},"categories":[9],"tags":[64],"class_list":["post-4488","post","type-post","status-publish","format-standard","hentry","category-andreas","tag-tour-des-alpes"],"_links":{"self":[{"href":"http:\/\/lienis.landplaninfo.ch\/index.php?rest_route=\/wp\/v2\/posts\/4488","targetHints":{"allow":["GET"]}}],"collection":[{"href":"http:\/\/lienis.landplaninfo.ch\/index.php?rest_route=\/wp\/v2\/posts"}],"about":[{"href":"http:\/\/lienis.landplaninfo.ch\/index.php?rest_route=\/wp\/v2\/types\/post"}],"author":[{"embeddable":true,"href":"http:\/\/lienis.landplaninfo.ch\/index.php?rest_route=\/wp\/v2\/users\/1"}],"replies":[{"embeddable":true,"href":"http:\/\/lienis.landplaninfo.ch\/index.php?rest_route=%2Fwp%2Fv2%2Fcomments&post=4488"}],"version-history":[{"count":6,"href":"http:\/\/lienis.landplaninfo.ch\/index.php?rest_route=\/wp\/v2\/posts\/4488\/revisions"}],"predecessor-version":[{"id":4961,"href":"http:\/\/lienis.landplaninfo.ch\/index.php?rest_route=\/wp\/v2\/posts\/4488\/revisions\/4961"}],"wp:attachment":[{"href":"http:\/\/lienis.landplaninfo.ch\/index.php?rest_route=%2Fwp%2Fv2%2Fmedia&parent=4488"}],"wp:term":[{"taxonomy":"category","embeddable":true,"href":"http:\/\/lienis.landplaninfo.ch\/index.php?rest_route=%2Fwp%2Fv2%2Fcategories&post=4488"},{"taxonomy":"post_tag","embeddable":true,"href":"http:\/\/lienis.landplaninfo.ch\/index.php?rest_route=%2Fwp%2Fv2%2Ftags&post=4488"}],"curies":[{"name":"wp","href":"https:\/\/api.w.org\/{rel}","templated":true}]}}