{"id":4410,"date":"2019-06-14T17:24:45","date_gmt":"2019-06-14T15:24:45","guid":{"rendered":"http:\/\/lienis.landplaninfo.ch\/?p=4410"},"modified":"2019-06-28T16:02:41","modified_gmt":"2019-06-28T14:02:41","slug":"tour-des-alpes-7-etappe","status":"publish","type":"post","link":"http:\/\/lienis.landplaninfo.ch\/?p=4410","title":{"rendered":"Tour des Alpes &#8211; 7. Etappe"},"content":{"rendered":"<p><iframe loading=\"lazy\" src=\"https:\/\/connect.garmin.com\/modern\/activity\/embed\/3746749704\" width=\"465\" height=\"500\" frameborder=\"0\"><\/iframe><\/p>\n\n\n<p>Etappe 7:<\/p>\n\n\n\n<p><a href=\"https:\/\/connect.garmin.com\/modern\/activity\/3746749704?share_unique_id=242\">https:\/\/connect.garmin.com\/modern\/activity\/3746749704?share_unique_id=242<\/a><\/p>\n\n\n\n<p>Landschaftlich w\u00e4rs eine Toptour. Leider brauchen die 10 m2 Asphalt um einem die volle Aufmerksamkeit bei dem vielen Verkehr und den sehr schlechten Strassenbel\u00e4gen, mit immer wieder tiefen Schlagl\u00f6chern, die man nur umfahren, oder nach einer Vollbremsung durchfahren kann, falls der Lastwagen neben einem den n\u00f6tigen Spielraum verweigert, weil es einem sonst das Gep\u00e4ck abwirft. Trotzdem geben die Gep\u00e4ckaufh\u00e4ngung langsam nach und ich hoffe auf Ersatzteile evtl. in St. Moritz oder Pontresina.<\/p>\n\n\n\n<p>Entsprechend kaputt bin ich vom endlosen Konzentrieren und immer wieder neu Anfahren, obwohl es auf der Karte nach einer leichten Taletappe ausgesehen hatte.<\/p>\n\n\n\n<p>Highligth waren die frischen hausgemachten Spaghetti mit S\u00fcsswasserfischen aus dem Comersee. Obwohls sehr gut war, ich k\u00f6nnte schw\u00f6ren da war Lachs dabei (aus dem Comersee????).<\/p>\n\n\n\n<ul class=\"wp-block-gallery columns-3 is-cropped wp-block-gallery-1 is-layout-flex wp-block-gallery-is-layout-flex\"><li class=\"blocks-gallery-item\"><figure><img loading=\"lazy\" decoding=\"async\" width=\"1024\" height=\"768\" src=\"http:\/\/lienis.landplaninfo.ch\/wp-content\/uploads\/2019\/06\/DSCN4390-1024x768.jpg\" alt=\"\" data-id=\"4407\" data-link=\"http:\/\/lienis.landplaninfo.ch\/?attachment_id=4407\" class=\"wp-image-4407\" srcset=\"http:\/\/lienis.landplaninfo.ch\/wp-content\/uploads\/2019\/06\/DSCN4390-1024x768.jpg 1024w, http:\/\/lienis.landplaninfo.ch\/wp-content\/uploads\/2019\/06\/DSCN4390-300x225.jpg 300w, http:\/\/lienis.landplaninfo.ch\/wp-content\/uploads\/2019\/06\/DSCN4390-768x576.jpg 768w, http:\/\/lienis.landplaninfo.ch\/wp-content\/uploads\/2019\/06\/DSCN4390.jpg 1440w\" sizes=\"auto, (max-width: 1024px) 100vw, 1024px\" \/><\/figure><\/li><li class=\"blocks-gallery-item\"><figure><img loading=\"lazy\" decoding=\"async\" width=\"1024\" height=\"768\" src=\"http:\/\/lienis.landplaninfo.ch\/wp-content\/uploads\/2019\/06\/DSCN4392-1024x768.jpg\" alt=\"\" data-id=\"4399\" data-link=\"http:\/\/lienis.landplaninfo.ch\/?attachment_id=4399\" class=\"wp-image-4399\" srcset=\"http:\/\/lienis.landplaninfo.ch\/wp-content\/uploads\/2019\/06\/DSCN4392-1024x768.jpg 1024w, http:\/\/lienis.landplaninfo.ch\/wp-content\/uploads\/2019\/06\/DSCN4392-300x225.jpg 300w, http:\/\/lienis.landplaninfo.ch\/wp-content\/uploads\/2019\/06\/DSCN4392-768x576.jpg 768w, http:\/\/lienis.landplaninfo.ch\/wp-content\/uploads\/2019\/06\/DSCN4392.jpg 1440w\" sizes=\"auto, (max-width: 1024px) 100vw, 1024px\" \/><\/figure><\/li><li class=\"blocks-gallery-item\"><figure><img loading=\"lazy\" decoding=\"async\" width=\"1024\" height=\"768\" src=\"http:\/\/lienis.landplaninfo.ch\/wp-content\/uploads\/2019\/06\/DSCN4393-1024x768.jpg\" alt=\"\" data-id=\"4401\" data-link=\"http:\/\/lienis.landplaninfo.ch\/?attachment_id=4401\" class=\"wp-image-4401\" srcset=\"http:\/\/lienis.landplaninfo.ch\/wp-content\/uploads\/2019\/06\/DSCN4393-1024x768.jpg 1024w, http:\/\/lienis.landplaninfo.ch\/wp-content\/uploads\/2019\/06\/DSCN4393-300x225.jpg 300w, http:\/\/lienis.landplaninfo.ch\/wp-content\/uploads\/2019\/06\/DSCN4393-768x576.jpg 768w, http:\/\/lienis.landplaninfo.ch\/wp-content\/uploads\/2019\/06\/DSCN4393.jpg 1440w\" sizes=\"auto, (max-width: 1024px) 100vw, 1024px\" \/><\/figure><\/li><li class=\"blocks-gallery-item\"><figure><img loading=\"lazy\" decoding=\"async\" width=\"1024\" height=\"576\" src=\"http:\/\/lienis.landplaninfo.ch\/wp-content\/uploads\/2019\/06\/20190614_130139-1024x576.jpg\" alt=\"\" data-id=\"4403\" data-link=\"http:\/\/lienis.landplaninfo.ch\/?attachment_id=4403\" class=\"wp-image-4403\" srcset=\"http:\/\/lienis.landplaninfo.ch\/wp-content\/uploads\/2019\/06\/20190614_130139-1024x576.jpg 1024w, http:\/\/lienis.landplaninfo.ch\/wp-content\/uploads\/2019\/06\/20190614_130139-300x169.jpg 300w, http:\/\/lienis.landplaninfo.ch\/wp-content\/uploads\/2019\/06\/20190614_130139-768x432.jpg 768w\" sizes=\"auto, (max-width: 1024px) 100vw, 1024px\" \/><figcaption>Keine Ahnung wie man das dreht&#8230;\ud83d\ude09<\/figcaption><\/figure><\/li><li class=\"blocks-gallery-item\"><figure><img loading=\"lazy\" decoding=\"async\" width=\"1024\" height=\"768\" src=\"http:\/\/lienis.landplaninfo.ch\/wp-content\/uploads\/2019\/06\/DSCN4398-1024x768.jpg\" alt=\"\" data-id=\"4402\" data-link=\"http:\/\/lienis.landplaninfo.ch\/?attachment_id=4402\" class=\"wp-image-4402\" srcset=\"http:\/\/lienis.landplaninfo.ch\/wp-content\/uploads\/2019\/06\/DSCN4398-1024x768.jpg 1024w, http:\/\/lienis.landplaninfo.ch\/wp-content\/uploads\/2019\/06\/DSCN4398-300x225.jpg 300w, http:\/\/lienis.landplaninfo.ch\/wp-content\/uploads\/2019\/06\/DSCN4398-768x576.jpg 768w, http:\/\/lienis.landplaninfo.ch\/wp-content\/uploads\/2019\/06\/DSCN4398.jpg 1440w\" sizes=\"auto, (max-width: 1024px) 100vw, 1024px\" \/><figcaption>Malerisches Varenna<\/figcaption><\/figure><\/li><li class=\"blocks-gallery-item\"><figure><img loading=\"lazy\" decoding=\"async\" width=\"1024\" height=\"768\" src=\"http:\/\/lienis.landplaninfo.ch\/wp-content\/uploads\/2019\/06\/DSCN4396-1024x768.jpg\" alt=\"\" data-id=\"4405\" data-link=\"http:\/\/lienis.landplaninfo.ch\/?attachment_id=4405\" class=\"wp-image-4405\" srcset=\"http:\/\/lienis.landplaninfo.ch\/wp-content\/uploads\/2019\/06\/DSCN4396-1024x768.jpg 1024w, http:\/\/lienis.landplaninfo.ch\/wp-content\/uploads\/2019\/06\/DSCN4396-300x225.jpg 300w, http:\/\/lienis.landplaninfo.ch\/wp-content\/uploads\/2019\/06\/DSCN4396-768x576.jpg 768w, http:\/\/lienis.landplaninfo.ch\/wp-content\/uploads\/2019\/06\/DSCN4396.jpg 1440w\" sizes=\"auto, (max-width: 1024px) 100vw, 1024px\" \/><\/figure><\/li><li class=\"blocks-gallery-item\"><figure><img loading=\"lazy\" decoding=\"async\" width=\"1024\" height=\"768\" src=\"http:\/\/lienis.landplaninfo.ch\/wp-content\/uploads\/2019\/06\/DSCN4399-1024x768.jpg\" alt=\"\" data-id=\"4404\" data-link=\"http:\/\/lienis.landplaninfo.ch\/?attachment_id=4404\" class=\"wp-image-4404\" srcset=\"http:\/\/lienis.landplaninfo.ch\/wp-content\/uploads\/2019\/06\/DSCN4399-1024x768.jpg 1024w, http:\/\/lienis.landplaninfo.ch\/wp-content\/uploads\/2019\/06\/DSCN4399-300x225.jpg 300w, http:\/\/lienis.landplaninfo.ch\/wp-content\/uploads\/2019\/06\/DSCN4399-768x576.jpg 768w, http:\/\/lienis.landplaninfo.ch\/wp-content\/uploads\/2019\/06\/DSCN4399.jpg 1440w\" sizes=\"auto, (max-width: 1024px) 100vw, 1024px\" \/><\/figure><\/li><li class=\"blocks-gallery-item\"><figure><img loading=\"lazy\" decoding=\"async\" width=\"1024\" height=\"768\" src=\"http:\/\/lienis.landplaninfo.ch\/wp-content\/uploads\/2019\/06\/DSCN4400-1024x768.jpg\" alt=\"\" data-id=\"4406\" data-link=\"http:\/\/lienis.landplaninfo.ch\/?attachment_id=4406\" class=\"wp-image-4406\" srcset=\"http:\/\/lienis.landplaninfo.ch\/wp-content\/uploads\/2019\/06\/DSCN4400-1024x768.jpg 1024w, http:\/\/lienis.landplaninfo.ch\/wp-content\/uploads\/2019\/06\/DSCN4400-300x225.jpg 300w, http:\/\/lienis.landplaninfo.ch\/wp-content\/uploads\/2019\/06\/DSCN4400-768x576.jpg 768w, http:\/\/lienis.landplaninfo.ch\/wp-content\/uploads\/2019\/06\/DSCN4400.jpg 1440w\" sizes=\"auto, (max-width: 1024px) 100vw, 1024px\" \/><figcaption>ca. 5 km entspanntes Nichtradeln.<\/figcaption><\/figure><\/li><li class=\"blocks-gallery-item\"><figure><img loading=\"lazy\" decoding=\"async\" width=\"1024\" height=\"768\" src=\"http:\/\/lienis.landplaninfo.ch\/wp-content\/uploads\/2019\/06\/DSCN4401-1024x768.jpg\" alt=\"\" data-id=\"4408\" data-link=\"http:\/\/lienis.landplaninfo.ch\/?attachment_id=4408\" class=\"wp-image-4408\" srcset=\"http:\/\/lienis.landplaninfo.ch\/wp-content\/uploads\/2019\/06\/DSCN4401-1024x768.jpg 1024w, http:\/\/lienis.landplaninfo.ch\/wp-content\/uploads\/2019\/06\/DSCN4401-300x225.jpg 300w, http:\/\/lienis.landplaninfo.ch\/wp-content\/uploads\/2019\/06\/DSCN4401-768x576.jpg 768w, http:\/\/lienis.landplaninfo.ch\/wp-content\/uploads\/2019\/06\/DSCN4401.jpg 1440w\" sizes=\"auto, (max-width: 1024px) 100vw, 1024px\" \/><\/figure><\/li><li class=\"blocks-gallery-item\"><figure><img loading=\"lazy\" decoding=\"async\" width=\"1024\" height=\"768\" src=\"http:\/\/lienis.landplaninfo.ch\/wp-content\/uploads\/2019\/06\/DSCN4402-1024x768.jpg\" alt=\"\" data-id=\"4409\" data-link=\"http:\/\/lienis.landplaninfo.ch\/?attachment_id=4409\" class=\"wp-image-4409\" srcset=\"http:\/\/lienis.landplaninfo.ch\/wp-content\/uploads\/2019\/06\/DSCN4402-1024x768.jpg 1024w, http:\/\/lienis.landplaninfo.ch\/wp-content\/uploads\/2019\/06\/DSCN4402-300x225.jpg 300w, http:\/\/lienis.landplaninfo.ch\/wp-content\/uploads\/2019\/06\/DSCN4402-768x576.jpg 768w, http:\/\/lienis.landplaninfo.ch\/wp-content\/uploads\/2019\/06\/DSCN4402.jpg 1440w\" sizes=\"auto, (max-width: 1024px) 100vw, 1024px\" \/><\/figure><\/li><li class=\"blocks-gallery-item\"><figure><img loading=\"lazy\" decoding=\"async\" width=\"1024\" height=\"768\" src=\"http:\/\/lienis.landplaninfo.ch\/wp-content\/uploads\/2019\/06\/DSCN4403-1024x768.jpg\" alt=\"\" data-id=\"4400\" data-link=\"http:\/\/lienis.landplaninfo.ch\/?attachment_id=4400\" class=\"wp-image-4400\" srcset=\"http:\/\/lienis.landplaninfo.ch\/wp-content\/uploads\/2019\/06\/DSCN4403-1024x768.jpg 1024w, http:\/\/lienis.landplaninfo.ch\/wp-content\/uploads\/2019\/06\/DSCN4403-300x225.jpg 300w, http:\/\/lienis.landplaninfo.ch\/wp-content\/uploads\/2019\/06\/DSCN4403-768x576.jpg 768w, http:\/\/lienis.landplaninfo.ch\/wp-content\/uploads\/2019\/06\/DSCN4403.jpg 1440w\" sizes=\"auto, (max-width: 1024px) 100vw, 1024px\" \/><figcaption>Kurz vor Schluss doch noch zur Doppingausr\u00fcstung gegriffen.<\/figcaption><\/figure><\/li><\/ul>\n","protected":false},"excerpt":{"rendered":"<p>Etappe 7: https:\/\/connect.garmin.com\/modern\/activity\/3746749704?share_unique_id=242 Landschaftlich w\u00e4rs eine Toptour. Leider brauchen die 10 m2 Asphalt um einem die volle Aufmerksamkeit bei dem vielen Verkehr und den sehr schlechten Strassenbel\u00e4gen, mit immer wieder tiefen Schlagl\u00f6chern, die man nur umfahren, oder nach einer Vollbremsung durchfahren kann, falls der Lastwagen neben einem den n\u00f6tigen Spielraum verweigert, weil es einem sonst [&hellip;]<\/p>\n","protected":false},"author":1,"featured_media":0,"comment_status":"open","ping_status":"open","sticky":false,"template":"","format":"standard","meta":{"footnotes":""},"categories":[9],"tags":[64],"class_list":["post-4410","post","type-post","status-publish","format-standard","hentry","category-andreas","tag-tour-des-alpes"],"_links":{"self":[{"href":"http:\/\/lienis.landplaninfo.ch\/index.php?rest_route=\/wp\/v2\/posts\/4410","targetHints":{"allow":["GET"]}}],"collection":[{"href":"http:\/\/lienis.landplaninfo.ch\/index.php?rest_route=\/wp\/v2\/posts"}],"about":[{"href":"http:\/\/lienis.landplaninfo.ch\/index.php?rest_route=\/wp\/v2\/types\/post"}],"author":[{"embeddable":true,"href":"http:\/\/lienis.landplaninfo.ch\/index.php?rest_route=\/wp\/v2\/users\/1"}],"replies":[{"embeddable":true,"href":"http:\/\/lienis.landplaninfo.ch\/index.php?rest_route=%2Fwp%2Fv2%2Fcomments&post=4410"}],"version-history":[{"count":4,"href":"http:\/\/lienis.landplaninfo.ch\/index.php?rest_route=\/wp\/v2\/posts\/4410\/revisions"}],"predecessor-version":[{"id":4949,"href":"http:\/\/lienis.landplaninfo.ch\/index.php?rest_route=\/wp\/v2\/posts\/4410\/revisions\/4949"}],"wp:attachment":[{"href":"http:\/\/lienis.landplaninfo.ch\/index.php?rest_route=%2Fwp%2Fv2%2Fmedia&parent=4410"}],"wp:term":[{"taxonomy":"category","embeddable":true,"href":"http:\/\/lienis.landplaninfo.ch\/index.php?rest_route=%2Fwp%2Fv2%2Fcategories&post=4410"},{"taxonomy":"post_tag","embeddable":true,"href":"http:\/\/lienis.landplaninfo.ch\/index.php?rest_route=%2Fwp%2Fv2%2Ftags&post=4410"}],"curies":[{"name":"wp","href":"https:\/\/api.w.org\/{rel}","templated":true}]}}