{"id":4311,"date":"2019-06-11T17:49:11","date_gmt":"2019-06-11T15:49:11","guid":{"rendered":"http:\/\/lienis.landplaninfo.ch\/?p=4311"},"modified":"2019-06-28T21:47:07","modified_gmt":"2019-06-28T19:47:07","slug":"tour-des-alpes-4-etappe","status":"publish","type":"post","link":"http:\/\/lienis.landplaninfo.ch\/?p=4311","title":{"rendered":"Tour des Alpes &#8211; 4. Etappe"},"content":{"rendered":"<p>,<iframe loading=\"lazy\" src=\"https:\/\/connect.garmin.com\/modern\/activity\/embed\/3737482293\" width=\"465\" height=\"500\" frameborder=\"0\"><\/iframe><\/p>\n\n\n<p>Etappe 4:<\/p>\n\n\n\n<p><a href=\"https:\/\/connect.garmin.com\/modern\/activity\/3737482293?share_unique_id=248\">https:\/\/connect.garmin.com\/modern\/activity\/3737482293?share_unique_id=248<\/a><\/p>\n\n\n\n<p>Das Thema Wasser begleitet mich auch heute. Am Morgen noch als attraktiver Wasserfall, ab dem Mittag \u00fcber die P\u00e4sse dann \u00e4hnlich heftig von oben, von der Seite wenn Autos \u00fcberholten und von vorne und unten in den Abfahrten. Besonders mies: Wenn sich das Wasser auf dem Kopf mit dem Schweiss mischt und in die Augen l\u00e4uft, die wegen dauernd angeloffener Brille schon so kaum was sehen. <\/p>\n\n\n\n<ul class=\"wp-block-gallery columns-3 is-cropped wp-block-gallery-1 is-layout-flex wp-block-gallery-is-layout-flex\"><li class=\"blocks-gallery-item\"><figure><img loading=\"lazy\" decoding=\"async\" width=\"1024\" height=\"768\" src=\"http:\/\/lienis.landplaninfo.ch\/wp-content\/uploads\/2019\/06\/DSCN4330-1024x768.jpg\" alt=\"\" data-id=\"4320\" data-link=\"http:\/\/lienis.landplaninfo.ch\/?attachment_id=4320\" class=\"wp-image-4320\" srcset=\"http:\/\/lienis.landplaninfo.ch\/wp-content\/uploads\/2019\/06\/DSCN4330-1024x768.jpg 1024w, http:\/\/lienis.landplaninfo.ch\/wp-content\/uploads\/2019\/06\/DSCN4330-300x225.jpg 300w, http:\/\/lienis.landplaninfo.ch\/wp-content\/uploads\/2019\/06\/DSCN4330-768x576.jpg 768w, http:\/\/lienis.landplaninfo.ch\/wp-content\/uploads\/2019\/06\/DSCN4330.jpg 1440w\" sizes=\"auto, (max-width: 1024px) 100vw, 1024px\" \/><\/figure><\/li><li class=\"blocks-gallery-item\"><figure><img loading=\"lazy\" decoding=\"async\" width=\"1024\" height=\"768\" src=\"http:\/\/lienis.landplaninfo.ch\/wp-content\/uploads\/2019\/06\/DSCN4335-1024x768.jpg\" alt=\"\" data-id=\"4322\" data-link=\"http:\/\/lienis.landplaninfo.ch\/?attachment_id=4322\" class=\"wp-image-4322\" srcset=\"http:\/\/lienis.landplaninfo.ch\/wp-content\/uploads\/2019\/06\/DSCN4335-1024x768.jpg 1024w, http:\/\/lienis.landplaninfo.ch\/wp-content\/uploads\/2019\/06\/DSCN4335-300x225.jpg 300w, http:\/\/lienis.landplaninfo.ch\/wp-content\/uploads\/2019\/06\/DSCN4335-768x576.jpg 768w, http:\/\/lienis.landplaninfo.ch\/wp-content\/uploads\/2019\/06\/DSCN4335.jpg 1440w\" sizes=\"auto, (max-width: 1024px) 100vw, 1024px\" \/><figcaption>Wasser das zur Abwechslung neben mir runterkommt<\/figcaption><\/figure><\/li><li class=\"blocks-gallery-item\"><figure><img loading=\"lazy\" decoding=\"async\" width=\"1024\" height=\"768\" src=\"http:\/\/lienis.landplaninfo.ch\/wp-content\/uploads\/2019\/06\/DSCN4333-1024x768.jpg\" alt=\"\" data-id=\"4319\" data-link=\"http:\/\/lienis.landplaninfo.ch\/?attachment_id=4319\" class=\"wp-image-4319\" srcset=\"http:\/\/lienis.landplaninfo.ch\/wp-content\/uploads\/2019\/06\/DSCN4333-1024x768.jpg 1024w, http:\/\/lienis.landplaninfo.ch\/wp-content\/uploads\/2019\/06\/DSCN4333-300x225.jpg 300w, http:\/\/lienis.landplaninfo.ch\/wp-content\/uploads\/2019\/06\/DSCN4333-768x576.jpg 768w, http:\/\/lienis.landplaninfo.ch\/wp-content\/uploads\/2019\/06\/DSCN4333.jpg 1440w\" sizes=\"auto, (max-width: 1024px) 100vw, 1024px\" \/><figcaption>Bemerkt? Strasse trocken!<\/figcaption><\/figure><\/li><li class=\"blocks-gallery-item\"><figure><img loading=\"lazy\" decoding=\"async\" width=\"1024\" height=\"768\" src=\"http:\/\/lienis.landplaninfo.ch\/wp-content\/uploads\/2019\/06\/DSCN4336-1024x768.jpg\" alt=\"\" data-id=\"4321\" data-link=\"http:\/\/lienis.landplaninfo.ch\/?attachment_id=4321\" class=\"wp-image-4321\" srcset=\"http:\/\/lienis.landplaninfo.ch\/wp-content\/uploads\/2019\/06\/DSCN4336-1024x768.jpg 1024w, http:\/\/lienis.landplaninfo.ch\/wp-content\/uploads\/2019\/06\/DSCN4336-300x225.jpg 300w, http:\/\/lienis.landplaninfo.ch\/wp-content\/uploads\/2019\/06\/DSCN4336-768x576.jpg 768w, http:\/\/lienis.landplaninfo.ch\/wp-content\/uploads\/2019\/06\/DSCN4336.jpg 1440w\" sizes=\"auto, (max-width: 1024px) 100vw, 1024px\" \/><figcaption>Im Aufstieg n. Chamonix<\/figcaption><\/figure><\/li><li class=\"blocks-gallery-item\"><figure><img loading=\"lazy\" decoding=\"async\" width=\"1024\" height=\"768\" src=\"http:\/\/lienis.landplaninfo.ch\/wp-content\/uploads\/2019\/06\/20190611_143413-1024x768.jpg\" alt=\"\" data-id=\"4313\" data-link=\"http:\/\/lienis.landplaninfo.ch\/?attachment_id=4313\" class=\"wp-image-4313\" srcset=\"http:\/\/lienis.landplaninfo.ch\/wp-content\/uploads\/2019\/06\/20190611_143413-1024x768.jpg 1024w, http:\/\/lienis.landplaninfo.ch\/wp-content\/uploads\/2019\/06\/20190611_143413-300x225.jpg 300w, http:\/\/lienis.landplaninfo.ch\/wp-content\/uploads\/2019\/06\/20190611_143413-768x576.jpg 768w\" sizes=\"auto, (max-width: 1024px) 100vw, 1024px\" \/><\/figure><\/li><li class=\"blocks-gallery-item\"><figure><img loading=\"lazy\" decoding=\"async\" width=\"1024\" height=\"768\" src=\"http:\/\/lienis.landplaninfo.ch\/wp-content\/uploads\/2019\/06\/20190611_153932-1024x768.jpg\" alt=\"\" data-id=\"4315\" data-link=\"http:\/\/lienis.landplaninfo.ch\/?attachment_id=4315\" class=\"wp-image-4315\" srcset=\"http:\/\/lienis.landplaninfo.ch\/wp-content\/uploads\/2019\/06\/20190611_153932-1024x768.jpg 1024w, http:\/\/lienis.landplaninfo.ch\/wp-content\/uploads\/2019\/06\/20190611_153932-300x225.jpg 300w, http:\/\/lienis.landplaninfo.ch\/wp-content\/uploads\/2019\/06\/20190611_153932-768x576.jpg 768w\" sizes=\"auto, (max-width: 1024px) 100vw, 1024px\" \/><\/figure><\/li><\/ul>\n\n\n\n<p>Das urbane Weindorf. Warum soll was in Paris und Berlin funktioniert nicht aucht auch in Chamoson probiert werden??? Obs Zukunft hat darf bezweifelt werden &#8211; lieber etwas mehr Bio in Weingarten.<\/p>\n\n\n\n<ul class=\"wp-block-gallery columns-3 is-cropped wp-block-gallery-2 is-layout-flex wp-block-gallery-is-layout-flex\"><li class=\"blocks-gallery-item\"><figure><img loading=\"lazy\" decoding=\"async\" width=\"1024\" height=\"576\" src=\"http:\/\/lienis.landplaninfo.ch\/wp-content\/uploads\/2019\/06\/20190611_211520-1-1024x576.jpg\" alt=\"\" data-id=\"4331\" data-link=\"http:\/\/lienis.landplaninfo.ch\/?attachment_id=4331\" class=\"wp-image-4331\" srcset=\"http:\/\/lienis.landplaninfo.ch\/wp-content\/uploads\/2019\/06\/20190611_211520-1-1024x576.jpg 1024w, http:\/\/lienis.landplaninfo.ch\/wp-content\/uploads\/2019\/06\/20190611_211520-1-300x169.jpg 300w, http:\/\/lienis.landplaninfo.ch\/wp-content\/uploads\/2019\/06\/20190611_211520-1-768x432.jpg 768w\" sizes=\"auto, (max-width: 1024px) 100vw, 1024px\" \/><\/figure><\/li><li class=\"blocks-gallery-item\"><figure><img loading=\"lazy\" decoding=\"async\" width=\"1024\" height=\"576\" src=\"http:\/\/lienis.landplaninfo.ch\/wp-content\/uploads\/2019\/06\/20190611_210455-1024x576.jpg\" alt=\"\" data-id=\"4332\" data-link=\"http:\/\/lienis.landplaninfo.ch\/?attachment_id=4332\" class=\"wp-image-4332\" srcset=\"http:\/\/lienis.landplaninfo.ch\/wp-content\/uploads\/2019\/06\/20190611_210455-1024x576.jpg 1024w, http:\/\/lienis.landplaninfo.ch\/wp-content\/uploads\/2019\/06\/20190611_210455-300x169.jpg 300w, http:\/\/lienis.landplaninfo.ch\/wp-content\/uploads\/2019\/06\/20190611_210455-768x432.jpg 768w\" sizes=\"auto, (max-width: 1024px) 100vw, 1024px\" \/><\/figure><\/li><li class=\"blocks-gallery-item\"><figure><img loading=\"lazy\" decoding=\"async\" width=\"1024\" height=\"576\" src=\"http:\/\/lienis.landplaninfo.ch\/wp-content\/uploads\/2019\/06\/20190611_210450-1-1024x576.jpg\" alt=\"\" data-id=\"4329\" data-link=\"http:\/\/lienis.landplaninfo.ch\/?attachment_id=4329\" class=\"wp-image-4329\" srcset=\"http:\/\/lienis.landplaninfo.ch\/wp-content\/uploads\/2019\/06\/20190611_210450-1-1024x576.jpg 1024w, http:\/\/lienis.landplaninfo.ch\/wp-content\/uploads\/2019\/06\/20190611_210450-1-300x169.jpg 300w, http:\/\/lienis.landplaninfo.ch\/wp-content\/uploads\/2019\/06\/20190611_210450-1-768x432.jpg 768w\" sizes=\"auto, (max-width: 1024px) 100vw, 1024px\" \/><\/figure><\/li><li class=\"blocks-gallery-item\"><figure><img loading=\"lazy\" decoding=\"async\" width=\"1024\" height=\"576\" src=\"http:\/\/lienis.landplaninfo.ch\/wp-content\/uploads\/2019\/06\/20190611_210010-1024x576.jpg\" alt=\"\" data-id=\"4330\" data-link=\"http:\/\/lienis.landplaninfo.ch\/?attachment_id=4330\" class=\"wp-image-4330\" srcset=\"http:\/\/lienis.landplaninfo.ch\/wp-content\/uploads\/2019\/06\/20190611_210010-1024x576.jpg 1024w, http:\/\/lienis.landplaninfo.ch\/wp-content\/uploads\/2019\/06\/20190611_210010-300x169.jpg 300w, http:\/\/lienis.landplaninfo.ch\/wp-content\/uploads\/2019\/06\/20190611_210010-768x432.jpg 768w\" sizes=\"auto, (max-width: 1024px) 100vw, 1024px\" \/><\/figure><\/li><li class=\"blocks-gallery-item\"><figure><img loading=\"lazy\" decoding=\"async\" width=\"1024\" height=\"576\" src=\"http:\/\/lienis.landplaninfo.ch\/wp-content\/uploads\/2019\/06\/20190611_210033-1024x576.jpg\" alt=\"\" data-id=\"4326\" data-link=\"http:\/\/lienis.landplaninfo.ch\/?attachment_id=4326\" class=\"wp-image-4326\" srcset=\"http:\/\/lienis.landplaninfo.ch\/wp-content\/uploads\/2019\/06\/20190611_210033-1024x576.jpg 1024w, http:\/\/lienis.landplaninfo.ch\/wp-content\/uploads\/2019\/06\/20190611_210033-300x169.jpg 300w, http:\/\/lienis.landplaninfo.ch\/wp-content\/uploads\/2019\/06\/20190611_210033-768x432.jpg 768w\" sizes=\"auto, (max-width: 1024px) 100vw, 1024px\" \/><\/figure><\/li><\/ul>\n","protected":false},"excerpt":{"rendered":"<p>, Etappe 4: https:\/\/connect.garmin.com\/modern\/activity\/3737482293?share_unique_id=248 Das Thema Wasser begleitet mich auch heute. Am Morgen noch als attraktiver Wasserfall, ab dem Mittag \u00fcber die P\u00e4sse dann \u00e4hnlich heftig von oben, von der Seite wenn Autos \u00fcberholten und von vorne und unten in den Abfahrten. Besonders mies: Wenn sich das Wasser auf dem Kopf mit dem Schweiss mischt [&hellip;]<\/p>\n","protected":false},"author":1,"featured_media":0,"comment_status":"open","ping_status":"open","sticky":false,"template":"","format":"standard","meta":{"footnotes":""},"categories":[9],"tags":[64],"class_list":["post-4311","post","type-post","status-publish","format-standard","hentry","category-andreas","tag-tour-des-alpes"],"_links":{"self":[{"href":"http:\/\/lienis.landplaninfo.ch\/index.php?rest_route=\/wp\/v2\/posts\/4311","targetHints":{"allow":["GET"]}}],"collection":[{"href":"http:\/\/lienis.landplaninfo.ch\/index.php?rest_route=\/wp\/v2\/posts"}],"about":[{"href":"http:\/\/lienis.landplaninfo.ch\/index.php?rest_route=\/wp\/v2\/types\/post"}],"author":[{"embeddable":true,"href":"http:\/\/lienis.landplaninfo.ch\/index.php?rest_route=\/wp\/v2\/users\/1"}],"replies":[{"embeddable":true,"href":"http:\/\/lienis.landplaninfo.ch\/index.php?rest_route=%2Fwp%2Fv2%2Fcomments&post=4311"}],"version-history":[{"count":9,"href":"http:\/\/lienis.landplaninfo.ch\/index.php?rest_route=\/wp\/v2\/posts\/4311\/revisions"}],"predecessor-version":[{"id":4960,"href":"http:\/\/lienis.landplaninfo.ch\/index.php?rest_route=\/wp\/v2\/posts\/4311\/revisions\/4960"}],"wp:attachment":[{"href":"http:\/\/lienis.landplaninfo.ch\/index.php?rest_route=%2Fwp%2Fv2%2Fmedia&parent=4311"}],"wp:term":[{"taxonomy":"category","embeddable":true,"href":"http:\/\/lienis.landplaninfo.ch\/index.php?rest_route=%2Fwp%2Fv2%2Fcategories&post=4311"},{"taxonomy":"post_tag","embeddable":true,"href":"http:\/\/lienis.landplaninfo.ch\/index.php?rest_route=%2Fwp%2Fv2%2Ftags&post=4311"}],"curies":[{"name":"wp","href":"https:\/\/api.w.org\/{rel}","templated":true}]}}