{"id":2548,"date":"2017-07-10T15:05:50","date_gmt":"2017-07-10T13:05:50","guid":{"rendered":"http:\/\/lienis.landplaninfo.ch\/?p=2548"},"modified":"2017-07-10T17:42:45","modified_gmt":"2017-07-10T15:42:45","slug":"scot-21-clyde-muirshiel-regional-park","status":"publish","type":"post","link":"http:\/\/lienis.landplaninfo.ch\/?p=2548","title":{"rendered":"Scot.21 Clyde Muirshiel Regional Park"},"content":{"rendered":"<p>Nach der doch eher d\u00fcnn besiedelten Wildniss mit meist nur einer Strasse mit vielleicht 1 bis 2 Abzweiger pro Tag, ging es heute In Androssan schon richtig grossst\u00e4disch los.<\/p>\n<p>Dabei bew\u00e4hrte sich BikeComputerPro erstmals so richtig und von der Navistimme im Ohr gef\u00fchrt zogen wir im Zickzackkurs durch die Wohnquartiere, wie wenn wir hier aufgewachsen w\u00e4ren.<\/p>\n<p><img loading=\"lazy\" decoding=\"async\" width=\"700\" height=\"255\" alt=\"\" src=\"http:\/\/lienis.landplaninfo.ch\/wp-content\/uploads\/2017\/07\/20170710_163422.png\" title=\"\" class=\"alignnone size-full wp-image-5009\"><\/p>\n<p>Obiger Route mit der Karte zu folgen h\u00e4tte wohl Stunden gedauert oder wir h\u00e4tten uns der Hauptstra\u00dfe ergeben m\u00fcssen.<\/p>\n<p>Tolle Velostrassen folgten im Clyde Muirshiel Regionalpark und auch wenn die Wolken bedrohlich dunkel wurden blieben wir meist trocken.<\/p>\n<p><img loading=\"lazy\" decoding=\"async\" width=\"700\" height=\"525\" alt=\"\" src=\"http:\/\/lienis.landplaninfo.ch\/wp-content\/uploads\/2017\/07\/wp-1499692038212..jpg\" title=\"\" class=\"alignnone size-full wp-image-4947\"><\/p>\n<p><img loading=\"lazy\" decoding=\"async\" width=\"700\" height=\"525\" alt=\"\" src=\"http:\/\/lienis.landplaninfo.ch\/wp-content\/uploads\/2017\/07\/wp-1499692038189..jpg\" title=\"\" class=\"alignnone size-full wp-image-4946\"><\/p>\n<p><img loading=\"lazy\" decoding=\"async\" width=\"700\" height=\"525\" alt=\"\" src=\"http:\/\/lienis.landplaninfo.ch\/wp-content\/uploads\/2017\/07\/wp-1499692038171..jpg\" title=\"\" class=\"alignnone size-full wp-image-4965\"><\/p>\n<p><img loading=\"lazy\" decoding=\"async\" width=\"700\" height=\"525\" alt=\"\" src=\"http:\/\/lienis.landplaninfo.ch\/wp-content\/uploads\/2017\/07\/wp-1499692163040..jpg\" title=\"\" class=\"alignnone size-full wp-image-4960\"><\/p>\n<p><img loading=\"lazy\" decoding=\"async\" width=\"700\" height=\"525\" alt=\"\" src=\"http:\/\/lienis.landplaninfo.ch\/wp-content\/uploads\/2017\/07\/wp-1499692163019..jpg\" title=\"\" class=\"alignnone size-full wp-image-4961\"><\/p>\n<p><img loading=\"lazy\" decoding=\"async\" width=\"700\" height=\"525\" alt=\"\" src=\"http:\/\/lienis.landplaninfo.ch\/wp-content\/uploads\/2017\/07\/wp-1499692163000..jpg\" title=\"\" class=\"alignnone size-full wp-image-4962\"><\/p>\n<p><img loading=\"lazy\" decoding=\"async\" width=\"700\" height=\"525\" alt=\"\" src=\"http:\/\/lienis.landplaninfo.ch\/wp-content\/uploads\/2017\/07\/wp-1499692162977..jpg\" title=\"\" class=\"alignnone size-full wp-image-4949\"><\/p>\n<p><img loading=\"lazy\" decoding=\"async\" width=\"700\" height=\"525\" alt=\"\" src=\"http:\/\/lienis.landplaninfo.ch\/wp-content\/uploads\/2017\/07\/wp-1499692162938..jpg\" title=\"\" class=\"alignnone size-full wp-image-4956\"><\/p>\n<p><img loading=\"lazy\" decoding=\"async\" width=\"700\" height=\"525\" alt=\"\" src=\"http:\/\/lienis.landplaninfo.ch\/wp-content\/uploads\/2017\/07\/wp-1499700370024..jpg\" title=\"\" class=\"alignnone size-full wp-image-5008\"><figure style=\"width: 700px\" class=\"wp-caption alignnone\"><img loading=\"lazy\" decoding=\"async\" width=\"700\" height=\"525\" alt=\"\" src=\"http:\/\/lienis.landplaninfo.ch\/wp-content\/uploads\/2017\/07\/wp-1499700369951..jpg\" title=\"\" class=\"size-full wp-image-5006\"><figcaption class=\"wp-caption-text\">Angekommen im B&amp;B, leider mit Sicht hintenraus statt auf See<\/figcaption><\/figure><\/p>\n<p>Hier ist meine rennradfahren-Aktivit\u00e4t bei Garmin Connect.&nbsp;<\/p>\n<p><a href=\"https:\/\/connect.garmin.com\/modern\/activity\/1846230291?share_unique_id=33\">https:\/\/connect.garmin.com\/modern\/activity\/1846230291?share_unique_id=33<\/a><\/p>\n","protected":false},"excerpt":{"rendered":"<p>Nach der doch eher d\u00fcnn besiedelten Wildniss mit meist nur einer Strasse mit vielleicht 1 bis 2 Abzweiger pro Tag, ging es heute In Androssan schon richtig grossst\u00e4disch los. Dabei bew\u00e4hrte sich BikeComputerPro erstmals so richtig und von der Navistimme im Ohr gef\u00fchrt zogen wir im Zickzackkurs durch die Wohnquartiere, wie wenn wir hier aufgewachsen [&hellip;]<\/p>\n","protected":false},"author":1,"featured_media":0,"comment_status":"open","ping_status":"open","sticky":false,"template":"","format":"standard","meta":{"footnotes":""},"categories":[9],"tags":[57,30],"class_list":["post-2548","post","type-post","status-publish","format-standard","hentry","category-andreas","tag-scotland","tag-sportliches"],"_links":{"self":[{"href":"http:\/\/lienis.landplaninfo.ch\/index.php?rest_route=\/wp\/v2\/posts\/2548","targetHints":{"allow":["GET"]}}],"collection":[{"href":"http:\/\/lienis.landplaninfo.ch\/index.php?rest_route=\/wp\/v2\/posts"}],"about":[{"href":"http:\/\/lienis.landplaninfo.ch\/index.php?rest_route=\/wp\/v2\/types\/post"}],"author":[{"embeddable":true,"href":"http:\/\/lienis.landplaninfo.ch\/index.php?rest_route=\/wp\/v2\/users\/1"}],"replies":[{"embeddable":true,"href":"http:\/\/lienis.landplaninfo.ch\/index.php?rest_route=%2Fwp%2Fv2%2Fcomments&post=2548"}],"version-history":[{"count":3,"href":"http:\/\/lienis.landplaninfo.ch\/index.php?rest_route=\/wp\/v2\/posts\/2548\/revisions"}],"predecessor-version":[{"id":2571,"href":"http:\/\/lienis.landplaninfo.ch\/index.php?rest_route=\/wp\/v2\/posts\/2548\/revisions\/2571"}],"wp:attachment":[{"href":"http:\/\/lienis.landplaninfo.ch\/index.php?rest_route=%2Fwp%2Fv2%2Fmedia&parent=2548"}],"wp:term":[{"taxonomy":"category","embeddable":true,"href":"http:\/\/lienis.landplaninfo.ch\/index.php?rest_route=%2Fwp%2Fv2%2Fcategories&post=2548"},{"taxonomy":"post_tag","embeddable":true,"href":"http:\/\/lienis.landplaninfo.ch\/index.php?rest_route=%2Fwp%2Fv2%2Ftags&post=2548"}],"curies":[{"name":"wp","href":"https:\/\/api.w.org\/{rel}","templated":true}]}}